{"id":74826,"date":"2025-09-17T08:15:12","date_gmt":"2025-09-17T08:15:12","guid":{"rendered":"https:\/\/www.europesays.com\/pt\/74826\/"},"modified":"2025-09-17T08:15:12","modified_gmt":"2025-09-17T08:15:12","slug":"apos-levar-o-funk-para-o-mundo-anitta-pensa-em-encerrar-carreira-internacional-fala-da-cantora-sobre-o-futuro-preocupa-fas","status":"publish","type":"post","link":"https:\/\/www.europesays.com\/pt\/74826\/","title":{"rendered":"Ap\u00f3s levar o funk para o mundo, Anitta pensa em ENCERRAR carreira internacional? Fala da cantora sobre o futuro preocupa f\u00e3s"},"content":{"rendered":"<p>\n                        Cantora falou em coletiva no Rio sobre priorizar o Brasil ap\u00f3s anos de sucesso mundial. Entenda!\n                    <\/p>\n<p>\n                                                                                                                                                                                                                            16 set<br \/>\n                                    2025<br \/>\n                                     &#8211; 23h13\n                                <\/p>\n<p>\n                                                                                                            (atualizado em 17\/9\/2025 \u00e0s 00h02)\n                                                                    <\/p>\n<p><img loading=\"lazy\" decoding=\"async\" alt=\"Ap\u00f3s levar o funk para o mundo, Anitta pensa em ENCERRAR carreira internacional? Fala da cantora sobre o futuro preocupa f\u00e3s.\" class=\"img-2d4498a3f686962c86d52a6320aa1e33qxe0rqgp\" height=\"455\" src=\"https:\/\/www.europesays.com\/pt\/wp-content\/uploads\/2025\/09\/1821734433-0c98525b740dd8ad-1400x823-1.png\"  title=\"Ap\u00f3s levar o funk para o mundo, Anitta pensa em ENCERRAR carreira internacional? Fala da cantora sobre o futuro preocupa f\u00e3s.\" width=\"774\"\/><\/p>\n<p>Ap\u00f3s levar o funk para o mundo, Anitta pensa em ENCERRAR carreira internacional? Fala da cantora sobre o futuro preocupa f\u00e3s.<\/p>\n<p>Foto: AGNews \/ Purepeople<\/p>\n<p class=\"text\"><a href=\"https:\/\/www.purepeople.com.br\/noticia\/video-anitta-vence-premio-no-vmas-e-discurso-sobre-funk-emociona_a358609\/1\" rel=\"nofollow noopener\" target=\"_blank\">Ela j\u00e1 levou o funk para o palco do Video Music Awards<\/a>, uma das maiores premia\u00e7\u00f5es da m\u00fasica mundial, mais de uma vez. <a href=\"https:\/\/www.purepeople.com.br\/noticia\/anitta-abre-o-jogo-sobre-sua-relacao-com-shakira-apos-derrota-no-grammy-awards-2025-nao-falamos-de_a402942\/1\" rel=\"nofollow noopener\" target=\"_blank\">Foi indicada ao Grammy com o \u00e1lbum &#8220;Funk Generation&#8221;<\/a> &#8211; no qual mistura portugu\u00eas, ingl\u00eas e espanhol no ritmo do &#8220;tchu tcha tcha&#8221; &#8211; e entrou nas principais paradas dos Estados Unidos, sendo <a href=\"https:\/\/www.purepeople.com.br\/noticia\/anitta-e-indicada-ao-grammy-faz-show-com-madonna-e-mais-8-momentos-da-voz-do-funk-generation-em-2024_a398606\/1\" rel=\"nofollow noopener\" target=\"_blank\">celebrada por nomes como <strong>Madonna<\/strong><\/a><strong>, Cardi B e Ricky Martin<\/strong>.\u00a0<\/p>\n<p class=\"text\">Sim, \u00e9 dela que estamos falando: <a href=\"https:\/\/www.purepeople.com.br\/famosos\/anitta_p3015\" rel=\"nofollow noopener\" target=\"_blank\"><strong>Anitta<\/strong><\/a>, <a href=\"https:\/\/www.purepeople.com.br\/noticia\/anitta-explica-fracasso-de-funk-rave-no-brasil-e-gera-polemica-minha-carreira-esta-em-outro-lugar_a379970\/1\" rel=\"nofollow noopener\" target=\"_blank\">a estrela de Hon\u00f3rio Gurgel que conquistou o mundo.<\/a> Mas agora, a cantora parece pensar em &#8220;desacelerar&#8221;. Estaria chegando ao fim sua trajet\u00f3ria internacional?<\/p>\n<p>\n<a href=\"https:\/\/www.terra.com.br\/tudo-sobre\/anitta\" target=\"_self\" rel=\"nofollow noopener\">Anitta<\/a> revela: &#8216;Dando mais valor para coisas brasileiras&#8217;\n<\/p>\n<p class=\"text\">Nesta ter\u00e7a-feira (16), <a href=\"https:\/\/www.purepeople.com.br\/noticia\/anitta-antes-e-agora-com-novo-rosto-cantora-usa-look-sexy-com-jeans-e-sandalias-rosa-neon-em-concurso-no-mar-fotos_a411548\/1\" rel=\"nofollow noopener\" target=\"_blank\">durante o evento &#8220;Eu Vim de L\u00e1&#8221;, no Museu de Arte do Rio (MAR)<\/a>, a carioca deu uma coletiva de imprensa e foi direta sobre o futuro profissional. &#8220;Estou dando mais valor para as coisas brasileiras. Acho incr\u00edvel tudo que tem fora, mas hoje em dia estou sentindo muita vontade de dar aten\u00e7\u00e3o para as coisas daqui&#8221;, declarou, segundo o gshow.<\/p>\n<p class=\"text\">Em entrevista ao PopLine, refor\u00e7ou a vontade de &#8220;sair da caixa&#8221; e buscar novos horizontes, ap\u00f3s tantas conquistas. &#8220;Eu acho que \u00e9 tentar fazer algo que n\u00e3o esteja todo mundo fazendo. Eu sempre fui assim: agora todo mundo est\u00e1 indo para fora, ent\u00e3o eu vou voltar. Eu n\u00e3o gosto de fazer o que todo mundo est\u00e1 fazendo, gosto de explorar algo novo&#8221;, afirmou, deixando f\u00e3s apreensivos.<\/p>\n<p>\n  F\u00e3s de Anitta criam teorias ap\u00f3s discurso de cantora\n<\/p>\n<p class=\"text\">Nas redes, o corte viralizou e gerou debate entre os anitters. &#8220;Ai n\u00e3o! Anitta, n\u00e3o&#8230;<\/p>\n<p class=\"text\"><a href=\"https:\/\/www.purepeople.com.br\/noticia\/anitta-vai-se-aposentar-cantora-com-novo-rosto-faz-declaracao-supreendente-sobre-carreira-internacional-e-choca-fas_a411553\/1\" rel=\"nofollow noopener\" target=\"_blank\">Veja mais<\/a><\/p>\n<p class=\"text\"><b>Mat\u00e9rias relacionadas<\/b><\/p>\n<p class=\"text\"><a href=\"https:\/\/www.purepeople.com.br\/noticia\/anitta-antes-e-hoje-cantora-surge-com-rosto-diferente-e-mais-natural-apos-plasticas-e-web-teoriza-mudanca-em-procedimentos_a409637\/1\" rel=\"nofollow noopener\" target=\"_blank\">&#8216;Enganou todo mundo&#8217;: Anitta reaparece com rosto mais natural ap\u00f3s procedimentos est\u00e9ticos e confunde f\u00e3s; compare o antes e depois<\/a><\/p>\n<p class=\"text\"><a href=\"https:\/\/www.purepeople.com.br\/noticia\/fabiano-dupla-da-dupla-cesar-menotti-e-fabiano-apos-acidente-cantor-surge-em-video-pela-1a-vez-grande-livramento_a409276\/1\" rel=\"nofollow noopener\" target=\"_blank\">Como est\u00e1 o cantor Fabiano, irm\u00e3o de C\u00e9sar Menotti, ap\u00f3s grave acidente? Cantor grava 1\u00ba v\u00eddeo ap\u00f3s susto em estrada: &#8216;Grande livramento&#8217;<\/a><\/p>\n<p class=\"text\"><a href=\"https:\/\/www.purepeople.com.br\/noticia\/destruiu-tudo-acidente-com-onibus-do-cantor-ferrugem-apos-show-preocupa-fas-saiba-estado-de-saude-do-artista_a406071\/1\" rel=\"nofollow noopener\" target=\"_blank\">&#8216;Destruiu tudo&#8217;: acidente com \u00f4nibus do cantor Ferrugem ap\u00f3s show preocupa f\u00e3s. Saiba estado de sa\u00fade do artista<\/a><\/p>\n<p class=\"text\"><a href=\"https:\/\/www.purepeople.com.br\/noticia\/afinal-anitta-quer-proibir-annita-o-posicionamento-oficial-da-cantora-sobre-disputa-com-farmaceutica-sobre-registro-do-nome_a406425\/1\" rel=\"nofollow noopener\" target=\"_blank\">Afinal, Anitta quer proibir Annita? O posicionamento oficial da cantora sobre disputa com farmac\u00eautica sobre registro do nome<\/a><\/p>\n<p class=\"text\"><a href=\"https:\/\/www.purepeople.com.br\/noticia\/video-intimo-de-mc-mirella-e-o-marido-funkeira-reflete-sobre-reacao-da-filha-sobre-seus-conteudos-adultos-no-futuro_a405464\/1\" rel=\"nofollow noopener\" target=\"_blank\">Ap\u00f3s vazamento de v\u00eddeo \u00edntimo, MC Mirella reflete sobre rea\u00e7\u00e3o da filha sobre seus porn\u00f4s no futuro: &#8216;N\u00e3o d\u00e1 para&#8230;&#8217;<\/a><\/p>\n","protected":false},"excerpt":{"rendered":"Cantora falou em coletiva no Rio sobre priorizar o Brasil ap\u00f3s anos de sucesso mundial. Entenda! 16 set&hellip;\n","protected":false},"author":2,"featured_media":74827,"comment_status":"","ping_status":"","sticky":false,"template":"","format":"standard","meta":{"footnotes":""},"categories":[145],"tags":[211,210,114,115,32,33],"class_list":{"0":"post-74826","1":"post","2":"type-post","3":"status-publish","4":"format-standard","5":"has-post-thumbnail","7":"category-celebridades","8":"tag-celebridades","9":"tag-celebrities","10":"tag-entertainment","11":"tag-entretenimento","12":"tag-portugal","13":"tag-pt"},"share_on_mastodon":{"url":"","error":""},"_links":{"self":[{"href":"https:\/\/www.europesays.com\/pt\/wp-json\/wp\/v2\/posts\/74826","targetHints":{"allow":["GET"]}}],"collection":[{"href":"https:\/\/www.europesays.com\/pt\/wp-json\/wp\/v2\/posts"}],"about":[{"href":"https:\/\/www.europesays.com\/pt\/wp-json\/wp\/v2\/types\/post"}],"author":[{"embeddable":true,"href":"https:\/\/www.europesays.com\/pt\/wp-json\/wp\/v2\/users\/2"}],"replies":[{"embeddable":true,"href":"https:\/\/www.europesays.com\/pt\/wp-json\/wp\/v2\/comments?post=74826"}],"version-history":[{"count":0,"href":"https:\/\/www.europesays.com\/pt\/wp-json\/wp\/v2\/posts\/74826\/revisions"}],"wp:featuredmedia":[{"embeddable":true,"href":"https:\/\/www.europesays.com\/pt\/wp-json\/wp\/v2\/media\/74827"}],"wp:attachment":[{"href":"https:\/\/www.europesays.com\/pt\/wp-json\/wp\/v2\/media?parent=74826"}],"wp:term":[{"taxonomy":"category","embeddable":true,"href":"https:\/\/www.europesays.com\/pt\/wp-json\/wp\/v2\/categories?post=74826"},{"taxonomy":"post_tag","embeddable":true,"href":"https:\/\/www.europesays.com\/pt\/wp-json\/wp\/v2\/tags?post=74826"}],"curies":[{"name":"wp","href":"https:\/\/api.w.org\/{rel}","templated":true}]}}