{"id":74848,"date":"2025-09-17T08:42:05","date_gmt":"2025-09-17T08:42:05","guid":{"rendered":"https:\/\/www.europesays.com\/pt\/74848\/"},"modified":"2025-09-17T08:42:05","modified_gmt":"2025-09-17T08:42:05","slug":"governo-quer-reduzir-numero-de-aulas-praticas-nas-escolas-de-conducao-jornal-de-noticias","status":"publish","type":"post","link":"https:\/\/www.europesays.com\/pt\/74848\/","title":{"rendered":"Governo quer reduzir n\u00famero de aulas pr\u00e1ticas nas escolas de condu\u00e7\u00e3o &#8211; Jornal de Not\u00edcias"},"content":{"rendered":"<ol>\n<li><a href=\"https:\/\/news.google.com\/rss\/articles\/CBMisgFBVV95cUxQWkdTcmFyelFWUm85dE5wYXZBZ1ZmWTdmMVRPOUNDVHNyVVNKd0M2U0toUTgybEZjUTBrSlBfbTVodUdMUnBTTkQ2cU1XRjFQZE1XVUxJNEZucVAtbVkyeDJMNUJfVlZIdmE0TW9iNjU3MF9hMUlvTXpobjdRemZKSldubVl3NHJBbVAyLU1DaDRSeTJ1TUcwS0RnMS15WHM5djRoLXJXN3BLaDlnbjEtaVlB?oc=5\" target=\"_blank\" rel=\"nofollow noopener\">Governo quer reduzir n\u00famero de aulas pr\u00e1ticas nas escolas de condu\u00e7\u00e3o<\/a>&nbsp;&nbsp;Jornal de Not\u00edcias<\/li>\n<li><a href=\"https:\/\/news.google.com\/rss\/articles\/CBMitwFBVV95cUxOT1Vudlh2MnowLTl5SWp6RzMzeWE2WjEyQWxfd1NsV21OTGVNOER4eGNPTXIwUGQtNDFXSlRoMlg2dy0tdldwQ0xuTjAtSzhKZzVzc3IzSEFlUTUtT2cxRHIwX0ZmbEZrQlRkS3l1RWVaNHdXSUtfdHJVSkY0MC1FcG9sbUstem1hSXRHVDhhLWlqa3VCbVpwak1GT2xpaTNVcFRmWUdPbXphME42WE15U0ZKY2lBWG_SAbwBQVVfeXFMT3JrUV9ZUmhqdUJjTUtwdERfczVsdENnQXBQbjZ3TkhGczdIS2l3T2NRcllzT3JKUjA3ZDdGX0gxakdwaGI1YU5MNXFYWW1Ra3piSEgwSXotRDU5ZlpjRXhHbmI1dHBUMkNMejg5dms1a00wQ2tRcEdlbDhwTXNOMEs1OGF2VTU2RV9zMmdQVVRGdkRRN25TUlBUSTNrSzhVYnlkUDdhRU1nMWhTdTJJVWZuclU4Mk1RMDNXYzA?oc=5\" target=\"_blank\" rel=\"nofollow noopener\">Governo quer cortar aulas pr\u00e1ticas nas escolas de condu\u00e7\u00e3o para metade<\/a>&nbsp;&nbsp;Renascen\u00e7a<\/li>\n<li><a href=\"https:\/\/news.google.com\/rss\/articles\/CBMi1AFBVV95cUxNb3o2aDhmakdNT0xud2hHREVyTzFMSGloMnh6cDhEUTh2T0Y2TENYdFkwcEN0Z3ZmcXRTSW84MXRFUk1IaktGcXE4YnEwSEJXWG5FUkFKaDMzeHdkbjNzeEZTMUR3aXhINkFJVzg2MUU5dWdSek11MkRhRXE2R0lYVG9lcnM0Ui1oR1o0Z1ZTb3NLRVBQTFNJakpudmxsQ2w3U19rQnVmZ2hGZzQwUnRfal9UR0lkZjZzSWFhOHVadzl0S1NZLVdacEtrdzktaVV5QXZScw?oc=5\" target=\"_blank\" rel=\"nofollow noopener\">Preocupa\u00e7\u00f5es com as mudan\u00e7as nos requisitos do teste de condu\u00e7\u00e3o em Portugal<\/a>&nbsp;&nbsp;The Portugal News<\/li>\n<li><a href=\"https:\/\/news.google.com\/rss\/articles\/CBMiV0FVX3lxTE5hRVY2Sk5RaFhuQnV0dWJfX2s1UmZoNGFqNHJ2ekc5YkNsMzlrUnlVRFM3Vlp4ZnctWlQtQV95UjdvcmdFV3JLSlVGczRtSzhDTlR2UzdsNA?oc=5\" target=\"_blank\" rel=\"nofollow noopener\">Menos aulas de condu\u00e7\u00e3o, mais riscos na estrada? A pol\u00e9mica proposta do Governo<\/a>&nbsp;&nbsp;Leak.pt<\/li>\n<li><a href=\"https:\/\/news.google.com\/rss\/articles\/CBMiuwFBVV95cUxNeGlET0diMGZUcG1GTmI4Z1hoVWo2VEY0UjNzNGxYeFotT0NhWndzZnpxdXZNal9nX0NpbW5XZzljQjFRclBKME5FYmFaNk55UFFKVGdiRWhld3E2bHhiTUh6Ujg3NGJSLU9qQnJUV1Q1dEZBb1B5ZkRER2kwenAzTWRFT3JpbHZKaWdZWExtR1hYbDNOWHE3MTBjRlJBc1pLTDl0OFpjd3Z0TGt5MWdLNEpRMFpwSWI5VXpB?oc=5\" target=\"_blank\" rel=\"nofollow noopener\">Redu\u00e7\u00e3o da forma\u00e7\u00e3o profissional de condu\u00e7\u00e3o preocupa escolas de condu\u00e7\u00e3o<\/a>&nbsp;&nbsp;Not\u00edcias ao Minuto<\/li>\n<\/ol>\n","protected":false},"excerpt":{"rendered":"Governo quer reduzir n\u00famero de aulas pr\u00e1ticas nas escolas de condu\u00e7\u00e3o&nbsp;&nbsp;Jornal de Not\u00edcias Governo quer cortar aulas pr\u00e1ticas&hellip;\n","protected":false},"author":2,"featured_media":74849,"comment_status":"","ping_status":"","sticky":false,"template":"","format":"standard","meta":{"footnotes":""},"categories":[10],"tags":[27,28,19637,19622,15,16,14,19465,25,26,21,22,619,12,13,19,20,32,23,24,33,17,18,29,30,31],"class_list":{"0":"post-74848","1":"post","2":"type-post","3":"status-publish","4":"format-standard","5":"has-post-thumbnail","7":"category-portugal","8":"tag-breaking-news","9":"tag-breakingnews","10":"tag-carta-de-conducao","11":"tag-escolas-de-conducao","12":"tag-featured-news","13":"tag-featurednews","14":"tag-headlines","15":"tag-imt","16":"tag-latest-news","17":"tag-latestnews","18":"tag-main-news","19":"tag-mainnews","20":"tag-nacional","21":"tag-news","22":"tag-noticias","23":"tag-noticias-principais","24":"tag-noticiasprincipais","25":"tag-portugal","26":"tag-principais-noticias","27":"tag-principaisnoticias","28":"tag-pt","29":"tag-top-stories","30":"tag-topstories","31":"tag-ultimas","32":"tag-ultimas-noticias","33":"tag-ultimasnoticias"},"share_on_mastodon":{"url":"","error":""},"_links":{"self":[{"href":"https:\/\/www.europesays.com\/pt\/wp-json\/wp\/v2\/posts\/74848","targetHints":{"allow":["GET"]}}],"collection":[{"href":"https:\/\/www.europesays.com\/pt\/wp-json\/wp\/v2\/posts"}],"about":[{"href":"https:\/\/www.europesays.com\/pt\/wp-json\/wp\/v2\/types\/post"}],"author":[{"embeddable":true,"href":"https:\/\/www.europesays.com\/pt\/wp-json\/wp\/v2\/users\/2"}],"replies":[{"embeddable":true,"href":"https:\/\/www.europesays.com\/pt\/wp-json\/wp\/v2\/comments?post=74848"}],"version-history":[{"count":0,"href":"https:\/\/www.europesays.com\/pt\/wp-json\/wp\/v2\/posts\/74848\/revisions"}],"wp:featuredmedia":[{"embeddable":true,"href":"https:\/\/www.europesays.com\/pt\/wp-json\/wp\/v2\/media\/74849"}],"wp:attachment":[{"href":"https:\/\/www.europesays.com\/pt\/wp-json\/wp\/v2\/media?parent=74848"}],"wp:term":[{"taxonomy":"category","embeddable":true,"href":"https:\/\/www.europesays.com\/pt\/wp-json\/wp\/v2\/categories?post=74848"},{"taxonomy":"post_tag","embeddable":true,"href":"https:\/\/www.europesays.com\/pt\/wp-json\/wp\/v2\/tags?post=74848"}],"curies":[{"name":"wp","href":"https:\/\/api.w.org\/{rel}","templated":true}]}}