{"id":74911,"date":"2025-09-17T10:06:13","date_gmt":"2025-09-17T10:06:13","guid":{"rendered":"https:\/\/www.europesays.com\/pt\/74911\/"},"modified":"2025-09-17T10:06:13","modified_gmt":"2025-09-17T10:06:13","slug":"italia-esquiador-de-25-anos-morre-durante-treino-observador","status":"publish","type":"post","link":"https:\/\/www.europesays.com\/pt\/74911\/","title":{"rendered":"It\u00e1lia. Esquiador de 25 anos morre durante treino \u2013 Observador"},"content":{"rendered":"<p>O esquiador italiano Matteo Franzoso morreu esta segunda-feira na sequ\u00eancia de um acidente, que sofreu no \u00faltimo s\u00e1bado, enquanto treinava com a equipa, em La Parva, no Chile, avan\u00e7a o jornal italiano <a href=\"https:\/\/www.corriere.it\/sport\/25_settembre_15\/matteo-franzoso-morto-sciatore-a5ff9d3c-a366-4f24-9c7a-04e1291dexlk.shtml\" rel=\"nofollow noopener\" target=\"_blank\">Corriere della Sera.<\/a> Desportista completava 26 anos esta ter\u00e7a-feira.<\/p>\n<p>O esquiador, nascido em G\u00e9nova, em It\u00e1lia, chegou ao Chile a 6 de setembro com os \u201cvelocistas azuis\u201d, a equipa de velocidade da sele\u00e7\u00e3o italiana. A pista na qual iam treinar \u2014 pista La Parva \u2014 \u00e9 frequentada por sele\u00e7\u00f5es de todo o mundo, tendo sido o palco dos campeonatos sul-americanos das \u00faltimas semanas.<\/p>\n<p>No s\u00e1bado, Matteo estava numa zona aparentemente inofensiva \u2014 por n\u00e3o apresentar grande margem para velocidade \u2014\u00a0mas perdeu o controlo dos esquis num dos saltos. O jovem ultrapassou duas filas de redes de prote\u00e7\u00e3o ainda em voo e <strong>acabou por embater contra uma terceira rede.\u00a0<\/strong><\/p>\n<p><a href=\"https:\/\/www.repubblica.it\/sport\/sci\/2025\/09\/15\/news\/matteo_franzoso_morto_sciatore-424848489\/\" rel=\"nofollow noopener\" target=\"_blank\">Segundo o La Repubblica<\/a>, o embate causou um<strong> traumatismo craniano grave e um edema cerebral<\/strong> (incha\u00e7o do c\u00e9rebro, possivelmente causado pelo traumatismo). Ainda foi transportado de helic\u00f3ptero para uma cl\u00ednica em Santiago, a cerca de 50 quil\u00f3metros de La Parva, e colocado imediatamente em coma, segundo o mesmo jornal. Acabou por morrer esta segunda-feira.<\/p>\n<p>Os seus colegas de equipa, Mattia Casse e Christof Innerhofer, n\u00e3o voltaram treinar desde o acidente e dever\u00e3o voltar a It\u00e1lia j\u00e1 esta ter\u00e7a-feira.<\/p>\n<p>Matteo come\u00e7ou a esquiar aos 17 anos e chegou a participar na Copa do Mundo, em mar\u00e7o de 2025, sendo esse o seu \u00faltimo campeonato. Tanto ele como a irm\u00e3, Michele Franzoso, pertenciam ao mundo do esqui, sendo ela instrutora. Matteo estava agora a treinar para os Jogos Ol\u00edmpicos de Inverno de 2026, em Mil\u00e3o.<\/p>\n<p>A Federa\u00e7\u00e3o Italiana de Desportos de Inverno (Fisi) lamentou ainda na segunda-feira a morte do atleta, na rede social X.<\/p>\n<blockquote class=\"twitter-tweet\" data-width=\"500\" data-dnt=\"true\">\n<p lang=\"en\" dir=\"ltr\">The International Ski and Snowboard Federation (FIS) extends its deepest condolences following the tragic loss of Matteo Franzoso. ????<\/p>\n<p>The 25-year-old Italian skier passed away in Santiago, Chile, after a fall during training on the La Parva slope. <a href=\"https:\/\/t.co\/8XAFozaKtQ\" rel=\"nofollow\">pic.twitter.com\/8XAFozaKtQ<\/a><\/p>\n<p>\u2014 FIS Alpine (@fisalpine) <a href=\"https:\/\/twitter.com\/fisalpine\/status\/1967664335913881640?ref_src=twsrc%5Etfw\" rel=\"nofollow noopener\" target=\"_blank\">September 15, 2025<\/a><\/p>\n<\/blockquote>\n<p>Flavio Roda, presidente da Fisi, tamb\u00e9m se manifestou, <a href=\"https:\/\/www.fisi.org\/matteo-franzoso-si-e-spento-a-santiago-del-cile-gli-sport-invernali-sono-in-lutto\/\" rel=\"nofollow noopener\" target=\"_blank\">em comunicado publicado no site oficial da federa\u00e7\u00e3o<\/a>, recordando outro incidente no mundo do esqui, h\u00e1 menos de um ano. <strong> \u201c\u00c9 uma trag\u00e9dia para a fam\u00edlia e para o nosso desporto,<\/strong> um drama que nos traz de volta ao estado de esp\u00edrito de h\u00e1 pouco menos de um ano, quando Matilde Lorenzi desapareceu.\u201d \u201cPe\u00e7o o maior respeito pela fam\u00edlia de Matteo, da qual estaremos perto para tudo o que for necess\u00e1rio\u201d, acrescentou.<\/p>\n<p>\u201cEle era um menino humilde e sorridente, <strong>que havia sacrificado grande parte da sua juventude ao sonho de se tornar um grande atleta\u201d<\/strong>, lamentou Alessandro Garrone, presidente do clube de esqui Sestriere, onde Matteo estava inscrito.<\/p>\n<p><a href=\"https:\/\/corrieredeltrentino.corriere.it\/notizie\/cronaca\/24_ottobre_28\/matilde-lorenzi-incidente-sugli-sci-in-val-senales-per-la-promessa-azzurra-dello-sci-e-gravissima-ce596671-6e4e-448a-b29e-77f17703axlk.shtml\" rel=\"nofollow noopener\" target=\"_blank\">A 28 de outubro de 2024<\/a>, It\u00e1lia recebia a not\u00edcia de que a atleta Matilde Lorenzi, campe\u00e3 italiana absoluta juvenil, tinha morrido durante um treino em <strong>Val Senales<\/strong>, no norte de It\u00e1lia.<\/p>\n<p>A jovem descia uma pista quando os esquis afundaram no solo. A atleta perdeu o contacto com a superf\u00edcie, batendo violentamente com o rosto na neve. No embate, um dos esquis soltou-se e Matilde foi para fora da pista. Foi ainda transportada de helic\u00f3ptero para o hospital de Bolzano, em estado muito grave, onde acabou por morrer.<\/p>\n<p><a href=\"https:\/\/www.repubblica.it\/cronaca\/2025\/03\/09\/news\/friuli_morto_sciatore_diciottenne_apripista_superg-424052440\/\" rel=\"nofollow noopener\" target=\"_blank\">Marco Degli Uomini<\/a> \u00e9 outra das quatro v\u00edtimas. Morreu a 9 de mar\u00e7o de 2025, no hospital de Udine, It\u00e1lia, antes da disputa do campeonato SuperG, uma prova de esqui de alta velocidade.<\/p>\n<p>O jovem estava a praticar uma descida no aquecimento, antes de ter ainda o dorsal oficial da prova, quando perdeu o controlo dos esquis na altura do salto. Segundo o La Repubblica, depois de um voo de cerca de 70 metros, acabou por cair na neve, contra uma rede de prote\u00e7\u00e3o, tal como Matteo.<\/p>\n<p>Foi levado para o hospital de Udine, onde os m\u00e9dicos diagnosticaram v\u00e1rias fraturas e a suspeita de traumatismo craniano. Apesar disso, nunca ter\u00e1 perdido a consci\u00eancia ap\u00f3s o acidente, acabando por morrer no dia seguinte.<\/p>\n<p><a href=\"https:\/\/www.corriere.it\/sport\/25_aprile_24\/margot-simond-morta-sci-04f6d59f-9685-4884-970f-b6c082190xlk.shtml\" rel=\"nofollow noopener\" target=\"_blank\">Em abril deste ano, Margot Simond<\/a>, morreu num treino em Val d\u2019Is\u00e8re, na regi\u00e3o de Sab\u00f3ia, nos Alpes Franceses, de onde era natural, para o evento \u201cRed Bull Alpine Park\u201d. Segundo os m\u00e9dicos, o impacto da queda foi fatal, n\u00e3o tendo sido poss\u00edvel reanim\u00e1-la. De acordo com as reconstru\u00e7\u00f5es do acidente, <strong>a rota n\u00e3o era desafiadora.\u00a0<\/strong><\/p>\n<p>As quatro v\u00edtimas em menos de um ano no mundo do esqui t\u00eam criado um grande debate em rela\u00e7\u00e3o \u00e0s condi\u00e7\u00f5es e regras de seguran\u00e7a das pistas.<\/p>\n<p>\u201cO esqui \u00e9 um desporto saud\u00e1vel, agregador e formativo: deve permanecer assim. Mas se o desempenho evolui, as regras, os dispositivos de seguran\u00e7a, as prote\u00e7\u00f5es e os controles tamb\u00e9m precisam de se ajustar. <strong>Todos devem sentir uma forte responsabilidade pela sa\u00fade dos atletas\u201d<\/strong>, disse Alessandro Garrone. Tamb\u00e9m Matilde Lorenzi estava inscrita no seu clube.<\/p>\n<p>Tamb\u00e9m ex-atletas, como Kristian Ghedina, criticam as novas pistas. \u201cOs novos esquis s\u00e3o muito r\u00e1pidos, especialmente nas curvas. <strong>\u00c9 hora de os mudar.\u201d<\/strong><\/p>\n<p>O presidente da Fisi, numa nota no site da federa\u00e7\u00e3o, garante todos os esfor\u00e7os para que \u201cepis\u00f3dios como estes n\u00e3o se repitam\u201d. \u201cNeste momento triste e doloroso, quero dizer a todos os atletas e t\u00e9cnicos, de todos os desportos, que <strong>a Federa\u00e7\u00e3o est\u00e1 ao vosso lado e que encontrar\u00e3o todo o apoio necess\u00e1rio.\u201d<\/strong><\/p>\n<p>Texto editado por Carlos Diogo Santos<\/p>\n<p>            <script async src=\"https:\/\/platform.twitter.com\/widgets.js\" charset=\"utf-8\"><\/script><\/p>\n","protected":false},"excerpt":{"rendered":"O esquiador italiano Matteo Franzoso morreu esta segunda-feira na sequ\u00eancia de um acidente, que sofreu no \u00faltimo s\u00e1bado,&hellip;\n","protected":false},"author":2,"featured_media":74912,"comment_status":"","ping_status":"","sticky":false,"template":"","format":"standard","meta":{"footnotes":""},"categories":[87],"tags":[624,15520,135,445,4506,62,32,33,58,134,2303],"class_list":{"0":"post-74911","1":"post","2":"type-post","3":"status-publish","4":"format-standard","5":"has-post-thumbnail","7":"category-desporto","8":"tag-amu00e9rica","9":"tag-chile","10":"tag-desporto","11":"tag-europa","12":"tag-itu00e1lia","13":"tag-mundo","14":"tag-portugal","15":"tag-pt","16":"tag-sociedade","17":"tag-sports","18":"tag-u00d3bito"},"share_on_mastodon":{"url":"","error":""},"_links":{"self":[{"href":"https:\/\/www.europesays.com\/pt\/wp-json\/wp\/v2\/posts\/74911","targetHints":{"allow":["GET"]}}],"collection":[{"href":"https:\/\/www.europesays.com\/pt\/wp-json\/wp\/v2\/posts"}],"about":[{"href":"https:\/\/www.europesays.com\/pt\/wp-json\/wp\/v2\/types\/post"}],"author":[{"embeddable":true,"href":"https:\/\/www.europesays.com\/pt\/wp-json\/wp\/v2\/users\/2"}],"replies":[{"embeddable":true,"href":"https:\/\/www.europesays.com\/pt\/wp-json\/wp\/v2\/comments?post=74911"}],"version-history":[{"count":0,"href":"https:\/\/www.europesays.com\/pt\/wp-json\/wp\/v2\/posts\/74911\/revisions"}],"wp:featuredmedia":[{"embeddable":true,"href":"https:\/\/www.europesays.com\/pt\/wp-json\/wp\/v2\/media\/74912"}],"wp:attachment":[{"href":"https:\/\/www.europesays.com\/pt\/wp-json\/wp\/v2\/media?parent=74911"}],"wp:term":[{"taxonomy":"category","embeddable":true,"href":"https:\/\/www.europesays.com\/pt\/wp-json\/wp\/v2\/categories?post=74911"},{"taxonomy":"post_tag","embeddable":true,"href":"https:\/\/www.europesays.com\/pt\/wp-json\/wp\/v2\/tags?post=74911"}],"curies":[{"name":"wp","href":"https:\/\/api.w.org\/{rel}","templated":true}]}}