{"id":74999,"date":"2025-09-17T11:43:07","date_gmt":"2025-09-17T11:43:07","guid":{"rendered":"https:\/\/www.europesays.com\/pt\/74999\/"},"modified":"2025-09-17T11:43:07","modified_gmt":"2025-09-17T11:43:07","slug":"israel-bombardeou-unico-hospital-pediatrico-em-funcionamento-em-gaza","status":"publish","type":"post","link":"https:\/\/www.europesays.com\/pt\/74999\/","title":{"rendered":"Israel bombardeou \u00fanico hospital pedi\u00e1trico em funcionamento em Gaza"},"content":{"rendered":"<p>Trata-se do \u00fanico hospital pedi\u00e1trico especializado, em funcionamento na capital da Faixa de Gaza. <\/p>\n<p data-remotead-prev-elm=\"true\" data-remotead-elm-id=\"inread\">De acordo com um comunicado do Minist\u00e9rio da Sa\u00fade, controlado pelo Hamas, os pisos superiores do hospital foram atacados tr\u00eas vezes na noite de ter\u00e7a-feira.<\/p>\n<p>No momento do ataque, o hospital tinha 80 doentes em tratamento, especificou o Minist\u00e9rio da Sa\u00fade de Gaza, dos quais 40 foram retirados do local ap\u00f3s o bombardeamento.<\/p>\n<p data-remotead-prev-elm=\"true\" data-remotead-elm-id=\"centro1\">Os respons\u00e1veis pelo Minist\u00e9rio da Sa\u00fade de Gaza disseram ainda que continuam no local 40 doentes e acompanhantes, al\u00e9m de 12 doentes em cuidados intensivos e 30 funcion\u00e1rios. <\/p>\n<p>O Minist\u00e9rio da Sa\u00fade n\u00e3o divulgou n\u00fameros de eventuais feridos ou mortos.<\/p>\n<p data-remotead-prev-elm=\"true\" data-remotead-elm-id=\"centro2\">O Hospital Al-Rantisi era o \u00faltimo centro m\u00e9dico especializado em pediatria na capital de Gaza, disponibilizando servi\u00e7os de oncologia, di\u00e1lise e outros especializados para doen\u00e7as respirat\u00f3rias e digestivas.<\/p>\n<p>A mesma instala\u00e7\u00e3o dispunha tamb\u00e9m de quatro unidades de cuidados intensivos pedi\u00e1tricos e oito unidades de cuidados intensivos neonatais.<\/p>\n<p data-remotead-prev-elm=\"true\" data-remotead-elm-id=\"centro3\">Segundo fontes consultadas pela ag\u00eancia espanhola EFE, o Ex\u00e9rcito israelita utilizou aparelhos a\u00e9reos n\u00e3o tripulados (drones) no ataque contra o edif\u00edcio do hospital.<\/p>\n<p>O centro, assim como os restantes hospitais em funcionamento na capital da Faixa de Gaza, estava sobrelotado devido \u00e0 ofensiva israelita contra a cidade.<\/p>\n<p data-remotead-prev-elm=\"true\" data-remotead-elm-id=\"centro4\">A guerra em Gaza come\u00e7ou no dia 7 de outubro de 2023 ap\u00f3s o ataque do Hamas contra o territ\u00f3rio de Israel tendo feito 1200 mortos e 251 ref\u00e9ns.<\/p>\n<p>De acordo com o balan\u00e7o do Hamas, a resposta militar de Israel &#8211; de grande escala &#8211; contra o enclave costeiro palestiniano fez at\u00e9 ao momento 65 mil mortos, entre os quais 19 mil eram menores de idade.<\/p>\n","protected":false},"excerpt":{"rendered":"Trata-se do \u00fanico hospital pedi\u00e1trico especializado, em funcionamento na capital da Faixa de Gaza. De acordo com um&hellip;\n","protected":false},"author":2,"featured_media":75000,"comment_status":"","ping_status":"","sticky":false,"template":"","format":"standard","meta":{"footnotes":""},"categories":[50],"tags":[27,28,311,257,15,16,14,259,25,26,21,22,62,12,13,19,20,23,24,17,18,29,30,31,63,64,65],"class_list":{"0":"post-74999","1":"post","2":"type-post","3":"status-publish","4":"format-standard","5":"has-post-thumbnail","7":"category-mundo","8":"tag-breaking-news","9":"tag-breakingnews","10":"tag-conflito-israelo-palestiniano","11":"tag-faixa-de-gaza","12":"tag-featured-news","13":"tag-featurednews","14":"tag-headlines","15":"tag-israel","16":"tag-latest-news","17":"tag-latestnews","18":"tag-main-news","19":"tag-mainnews","20":"tag-mundo","21":"tag-news","22":"tag-noticias","23":"tag-noticias-principais","24":"tag-noticiasprincipais","25":"tag-principais-noticias","26":"tag-principaisnoticias","27":"tag-top-stories","28":"tag-topstories","29":"tag-ultimas","30":"tag-ultimas-noticias","31":"tag-ultimasnoticias","32":"tag-world","33":"tag-world-news","34":"tag-worldnews"},"share_on_mastodon":{"url":"","error":""},"_links":{"self":[{"href":"https:\/\/www.europesays.com\/pt\/wp-json\/wp\/v2\/posts\/74999","targetHints":{"allow":["GET"]}}],"collection":[{"href":"https:\/\/www.europesays.com\/pt\/wp-json\/wp\/v2\/posts"}],"about":[{"href":"https:\/\/www.europesays.com\/pt\/wp-json\/wp\/v2\/types\/post"}],"author":[{"embeddable":true,"href":"https:\/\/www.europesays.com\/pt\/wp-json\/wp\/v2\/users\/2"}],"replies":[{"embeddable":true,"href":"https:\/\/www.europesays.com\/pt\/wp-json\/wp\/v2\/comments?post=74999"}],"version-history":[{"count":0,"href":"https:\/\/www.europesays.com\/pt\/wp-json\/wp\/v2\/posts\/74999\/revisions"}],"wp:featuredmedia":[{"embeddable":true,"href":"https:\/\/www.europesays.com\/pt\/wp-json\/wp\/v2\/media\/75000"}],"wp:attachment":[{"href":"https:\/\/www.europesays.com\/pt\/wp-json\/wp\/v2\/media?parent=74999"}],"wp:term":[{"taxonomy":"category","embeddable":true,"href":"https:\/\/www.europesays.com\/pt\/wp-json\/wp\/v2\/categories?post=74999"},{"taxonomy":"post_tag","embeddable":true,"href":"https:\/\/www.europesays.com\/pt\/wp-json\/wp\/v2\/tags?post=74999"}],"curies":[{"name":"wp","href":"https:\/\/api.w.org\/{rel}","templated":true}]}}