{"id":75021,"date":"2025-09-17T12:07:42","date_gmt":"2025-09-17T12:07:42","guid":{"rendered":"https:\/\/www.europesays.com\/pt\/75021\/"},"modified":"2025-09-17T12:07:42","modified_gmt":"2025-09-17T12:07:42","slug":"ventura-quer-sanchez-na-cadeia-e-orgulha-se-da-violenta-cacada-de-imigrantes-em-espanha","status":"publish","type":"post","link":"https:\/\/www.europesays.com\/pt\/75021\/","title":{"rendered":"Ventura quer S\u00e1nchez na cadeia; e orgulha-se da violenta &#8220;ca\u00e7ada de imigrantes&#8221; em Espanha"},"content":{"rendered":"<p class=\"wp-caption-text top\">J.J. Guillen \/ EPA<\/p>\n<p><img decoding=\"async\" loading=\"lazy\" class=\"size-kopa-image-size-3 wp-image-700687\" src=\"https:\/\/www.europesays.com\/pt\/wp-content\/uploads\/2025\/09\/ab5386a0734bc3408a706ce5c8beca61-783x450.jpg\" alt=\"\" width=\"700\" height=\"402\"  \/><\/p>\n<p class=\"wp-caption-text bot\">Andr\u00e9 Ventura<\/p>\n<p><strong>Presidente do Chega participou num evento dos patriotas em Madrid. \u201cCharlie Kirk foi morto porque dizia aquilo em que pensava\u201d, apontou.<\/strong><\/p>\n<p>Andr\u00e9 Ventura discursou em Madrid, neste domingo, no evento \u201cEuropa Viva\u201d organizado pelo VOX, que juntou l\u00edderes dos Patriotas pela Europa. Sem Le Pen ou Meloni, foi uma das \u201cestrelas\u201d da tarde.<\/p>\n<p>\u201c<strong>Temos que acabar com o socialismo<\/strong> em Espanha, em Portugal e em toda a Europa\u201d, atirou o presidente do Chega, que no entanto teve um aplauso generalizado de p\u00e9 devido a outras palavras, logo a seguir.<\/p>\n<p>Quer o primeiro-ministro de Espanha preso: \u201c<strong>Temos de atirar Pedro S\u00e1nchez para a pris\u00e3o<\/strong>, pois \u00e9 assim que se tratam os criminosos. Para a pris\u00e3o! Para a pris\u00e3o!\u201d.<\/p>\n<p>O l\u00edder do <strong>Chega<\/strong> falou sobre os incidentes violentos que se verificaram em <strong>M\u00farcia,<\/strong> em Julho: grupos organizados perseguem imigrantes na vila de Torre Pacheco, em retalia\u00e7\u00e3o pela agress\u00e3o a um reformado.<\/p>\n<p>Foram <strong>dias violentos,<\/strong> com cenas feias (e v\u00eddeos fora do contexto que agravaram a situa\u00e7\u00e3o). Mas Ventura agradeceu a esses manifestantes: \u201cO que fizeram em M\u00farcia d\u00e1-me um <strong>orgulho tremendo<\/strong> como europeu. Um orgulho tremendo como europeu\u201d.<\/p>\n<p>\u201cVamos continuar juntos, lutando por aquilo em que acreditamos. Uma Europa com menos imigra\u00e7\u00e3o. <strong>Obrigado pelo que fizeram<\/strong>\u201d \u2013 e novos aplausos de p\u00e9.<\/p>\n<p>Andr\u00e9 Ventura n\u00e3o esqueceu o homic\u00eddio de <strong>Charlie Kirk:<\/strong> \u201cFoi morto porque dizia aquilo em que pensava. Morreu para nos defender e por n\u00f3s, pelos nossos valores e pela nossa identidade\u201d.<\/p>\n<p>Esta morte, segundo o deputado portugu\u00eas, mostra \u201ccomo se podem tornar violentos, se podem tornar assassinos todos os que defendem a esquerda\u201d.<\/p>\n<p>A <strong>flotilha<\/strong> que segue para Gaza tamb\u00e9m foi assunto: \u201cN\u00e3o vamos patrocinar flotilhas para Gaza, passeios na flotilha enquanto fazem grandes festas em Ibiza, em Menorca, nas ilhas espanholas. N\u00e3o o faremos\u201d.<\/p>\n<p>J\u00e1 em conversa com os jornalistas, e sobre o mesmo tema, Andr\u00e9 Ventura disse que essa flotilha \u00e9 \u201cuma farsa, uma mentira e uma encena\u00e7\u00e3o\u201d.<\/p>\n<p>    <a href=\"https:\/\/zap.aeiou.pt\/subscrever-newsletter\" data-wpel-link=\"internal\" rel=\"nofollow noopener\" target=\"_blank\">&#13;<br \/>\n        <img loading=\"lazy\" decoding=\"async\" class=\"aligncenter size-full wp-image-575475\" src=\"https:\/\/www.europesays.com\/pt\/wp-content\/uploads\/2025\/09\/2d51fe4a0ba54894421ead1809309ed9-1-450x140.jpg\" alt=\"Subscreva a Newsletter ZAP\" width=\"450\" height=\"140\"\/>&#13;<br \/>\n    <\/a><\/p>\n<p>                <a href=\"https:\/\/whatsapp.com\/channel\/0029VaIC4EE2f3EJZPPSbR34\" data-wpel-link=\"external\" target=\"_blank\" rel=\"nofollow external noopener noreferrer\" class=\"ext-link\">&#13;<br \/>\n                    <img loading=\"lazy\" decoding=\"async\" class=\"aligncenter size-full wp-image-575475\" src=\"https:\/\/www.europesays.com\/pt\/wp-content\/uploads\/2025\/09\/c68c559d956d4ca20f435ed74a6e71e6.png\" alt=\"Siga-nos no WhatsApp\" width=\"175\" height=\"64\"\/>&#13;<br \/>\n                <\/a><\/p>\n<p>                <a href=\"https:\/\/news.google.com\/publications\/CAAiEHRwZondIV71PDjWNoqMduEqFAgKIhB0cGaJ3SFe9Tw41jaKjHbh?hl=en-US&amp;gl=US&amp;ceid=US%3Aen\" data-wpel-link=\"external\" target=\"_blank\" rel=\"nofollow external noopener noreferrer\" class=\"ext-link\">&#13;<br \/>\n                    <img loading=\"lazy\" decoding=\"async\" class=\"aligncenter size-full wp-image-575475\" src=\"https:\/\/www.europesays.com\/pt\/wp-content\/uploads\/2025\/09\/5123dd8b087b644fdb8f8603acd1bad4.png\" alt=\"Siga-nos no Google News\" width=\"176\" height=\"64\"\/>&#13;<br \/>\n                <\/a><\/p>\n","protected":false},"excerpt":{"rendered":"J.J. Guillen \/ EPA Andr\u00e9 Ventura Presidente do Chega participou num evento dos patriotas em Madrid. \u201cCharlie Kirk&hellip;\n","protected":false},"author":2,"featured_media":75022,"comment_status":"","ping_status":"","sticky":false,"template":"","format":"standard","meta":{"footnotes":""},"categories":[10],"tags":[3386,27,28,269,1736,640,15,16,14,25,26,21,22,12,13,19,20,52,4007,32,23,24,33,17,18,29,30,31],"class_list":{"0":"post-75021","1":"post","2":"type-post","3":"status-publish","4":"format-standard","5":"has-post-thumbnail","7":"category-portugal","8":"tag-andre-ventura","9":"tag-breaking-news","10":"tag-breakingnews","11":"tag-capa","12":"tag-chega","13":"tag-espanha","14":"tag-featured-news","15":"tag-featurednews","16":"tag-headlines","17":"tag-latest-news","18":"tag-latestnews","19":"tag-main-news","20":"tag-mainnews","21":"tag-news","22":"tag-noticias","23":"tag-noticias-principais","24":"tag-noticiasprincipais","25":"tag-politica","26":"tag-politica-internacional","27":"tag-portugal","28":"tag-principais-noticias","29":"tag-principaisnoticias","30":"tag-pt","31":"tag-top-stories","32":"tag-topstories","33":"tag-ultimas","34":"tag-ultimas-noticias","35":"tag-ultimasnoticias"},"share_on_mastodon":{"url":"","error":""},"_links":{"self":[{"href":"https:\/\/www.europesays.com\/pt\/wp-json\/wp\/v2\/posts\/75021","targetHints":{"allow":["GET"]}}],"collection":[{"href":"https:\/\/www.europesays.com\/pt\/wp-json\/wp\/v2\/posts"}],"about":[{"href":"https:\/\/www.europesays.com\/pt\/wp-json\/wp\/v2\/types\/post"}],"author":[{"embeddable":true,"href":"https:\/\/www.europesays.com\/pt\/wp-json\/wp\/v2\/users\/2"}],"replies":[{"embeddable":true,"href":"https:\/\/www.europesays.com\/pt\/wp-json\/wp\/v2\/comments?post=75021"}],"version-history":[{"count":0,"href":"https:\/\/www.europesays.com\/pt\/wp-json\/wp\/v2\/posts\/75021\/revisions"}],"wp:featuredmedia":[{"embeddable":true,"href":"https:\/\/www.europesays.com\/pt\/wp-json\/wp\/v2\/media\/75022"}],"wp:attachment":[{"href":"https:\/\/www.europesays.com\/pt\/wp-json\/wp\/v2\/media?parent=75021"}],"wp:term":[{"taxonomy":"category","embeddable":true,"href":"https:\/\/www.europesays.com\/pt\/wp-json\/wp\/v2\/categories?post=75021"},{"taxonomy":"post_tag","embeddable":true,"href":"https:\/\/www.europesays.com\/pt\/wp-json\/wp\/v2\/tags?post=75021"}],"curies":[{"name":"wp","href":"https:\/\/api.w.org\/{rel}","templated":true}]}}