{"id":75025,"date":"2025-09-17T12:12:08","date_gmt":"2025-09-17T12:12:08","guid":{"rendered":"https:\/\/www.europesays.com\/pt\/75025\/"},"modified":"2025-09-17T12:12:08","modified_gmt":"2025-09-17T12:12:08","slug":"sogra-de-neymar-faz-jogador-perder-a-paciencia-com-bruna-biancardi-portal-uai","status":"publish","type":"post","link":"https:\/\/www.europesays.com\/pt\/75025\/","title":{"rendered":"Sogra de Neymar faz jogador perder a paci\u00eancia com Bruna Biancardi &#8211; Portal Uai"},"content":{"rendered":"<ol>\n<li><a href=\"https:\/\/news.google.com\/rss\/articles\/CBMi5wFBVV95cUxONkdfTFk4NVppM3M2MXU5LU5XZUhWT0IwV0tILUEyWmMwZF84NXFWZ25WOUtBMVpwNlpoRkJUYnJ2Qm5wc21sTzlJWnBwTWdFQ3NrVTNRTm5GVjZ0TnlINGJQWElRa0swS1hydk10RklsSUk0ck5lUGZPWDhibXE1aHNHcDFkT3RXSnh4R05uTGZCdmVxSGlNcUsycnNrUFR0NXh5VFBza0RTNzVZSVlNQTdhdTBMaEczRXNtRE5rWUl0Nm5HazBUNUg2a0I3QVpSQVdobmZ1QXJaOXk4N2xmdnFwMVFxbEXSAecBQVVfeXFMTmdHa3Bod3BHVFBPRmF3RGZ1bU92VmpvbGEzNUJsc0VFcFFsSmhrdFo5SWMyVHZoSGgzcEdtX1JCUkVxMU5xUm1CUkVFZXlHV2J6M2lyTWhYS2E1ZjVseXdQR0pkM05pMWphMWxMcVFxaE93RmNaUUR0MndOODJST2R6MkpzRUVFekFmcVVKSVdHb05xdlFsRUUxTWJNbGFvU2plaEVNYjBqOVE2TFRvUDFSNXBSMVhoOVZxOWo3V19pd2l2XzB0bjBFWTNMWTVVeWZGdDZWLTBBSV9ZWlFtbnkyQ2p3TDVR?oc=5\" target=\"_blank\" rel=\"nofollow noopener\">Sogra de Neymar faz jogador perder a paci\u00eancia com Bruna Biancardi<\/a>&nbsp;&nbsp;Portal Uai<\/li>\n<li><a href=\"https:\/\/news.google.com\/rss\/articles\/CBMi1wFBVV95cUxNcklrOC0zS1RTaFZNZjF2a0pzZGI1T0dZU1FGdE91bW9ZQmhsOGRVc1Zxa01HbnF4WHh0ZGRCZ2x2M1ZxMGFyejBXZ24yNFA2aWVBVjNFanBGV0o3RDNCMHJxa3BxMDNzZFdlSS1VYVFDaWJPQ0RFVTJLSjZDR0xud1pOQUlYRk9DY0VTVUJuNTI2Q1dpVlBIX2dqWTVWdzh0R1NlOHRLOEtUeHB0aWlQa3kzOVU1cGFVRFk3UjU5SERrZ1ctVU9XcHRtNEVmVW0wQUtsdGNuZ9IB5gFBVV95cUxQWlgxSUdRT0Q3RllrNEVsd1NsZlpDVHdKb1pkTFNpcEx6SVF4U181N2xMRU1sWUxKM0NtZkc5VXFueGFvLXJOZ1B3bUdjc2s3SkhGbkxWYlhlUjE0NmpjSDlGSTFtS09KT0RnTUJqdnp6LTRmalNqYmV1Mm1YMFFzd05BeVpkZEZxeC0zMzczQTFiM0pRenRPblBSbzM1TWNvM1FGNXcyM05oX3I1cFA1RFJmYTAxdDg1NFdsVEhjNk1iRC1pa3Fkd3lNazYtUkRsNk94a2JYYkJFZ1pyblVKbThSalNNQQ?oc=5\" target=\"_blank\" rel=\"nofollow noopener\">M\u00e3e de Bruna Biancardi &#8216;se muda&#8217; para mans\u00e3o de Santos e presen\u00e7a da sogra irrita Neymar<\/a>&nbsp;&nbsp;Extra online<\/li>\n<li><a href=\"https:\/\/news.google.com\/rss\/articles\/CBMiowJBVV95cUxQSWZidlNKT1liRVljYUc1YW5MZ3FsWTQ5VWVidm9oVXJ6M2J4MXdZV0w5T2YxcW8tZUZLemRnWnczNkFZMktMS0NWMk42Wlg0YTZMX3RpelZTSUY3aUdtNkRRdElkRUU3NjdrUjRQSTZEeFZPNUV0NW9SSXlJT0dMeEl5ZGFURmg3alRobFF4MG4tT0xHaVNweFp1aTRZSDc0b0xHSUlzQ3BvMlFjRUNaLVh0QzNnZUF0bHJOb0lDeUF0QWQxSGR5WjREZ3pWWU1UY3dlQWxubjhJbFdyQldrLU9hZXA0Q2c0RjNBMTEtTTl2ZV9SWUU0YXdkbkY3NUV4NnVSQ0hnRXN1TUZYcmtkZ1dGaGpFWWJpWVFDbmpDR3E5WDA?oc=5\" target=\"_blank\" rel=\"nofollow noopener\">Neymar e Bruna Biancardi t\u00eam discutido mais ap\u00f3s &#8216;mudan\u00e7a&#8217; da m\u00e3e da famosa para casa do jogador. Saiba bastidores!<\/a>&nbsp;&nbsp;Terra<\/li>\n<li><a href=\"https:\/\/news.google.com\/rss\/articles\/CBMirgFBVV95cUxNS3p1TXBEZ2NsODVENUl2YjF1VC1fVXBob2xfdEdINF9pU1hhMDZ2U0ZNYjRzNE9xcFNrOEdHYm9EZ1QzUi1fWDZFaFBBU2ZJV0dRWkFrZ3lRX01qdFhoZC1INHJfdXJoOVFNYU9VcC11VElWR3lMMXBRQTRwdmdUVlhqMjZUd3puMjFfM2ZBTUtlenhGbDZmUVlaYjBHTUFhamg4QkZfRGdCTEhOR2c?oc=5\" target=\"_blank\" rel=\"nofollow noopener\">Sogra em casa provoca atrito e Neymar muda rotina com Bruna Biancardi<\/a>&nbsp;&nbsp;Metr\u00f3poles<\/li>\n<li><a href=\"https:\/\/news.google.com\/rss\/articles\/CBMi2AFBVV95cUxQdjh5WU55ZFd3d21hVC1hWVRNVGJlX0VFU1EzWnFfMldYOFlka2lmZllPNnNMSEFFTnBTMGpuenRRMUdKREgxTVpPUlMtVm83dElyZTd1dUxNeUo5aGwtbXJoQW1GQWF3bFA5elg2dVlzcTQ2UHh4LWtXcXJRLU1oamc5VGpHNGhHU0xhSndwMTZRNC15UlQwaFhoai1nb0lScEpSTE5oYlBHdTUyOFA4OXQ2OHE5NExQSjRwVWFUQVd0MDV6a0NYbmVjYnh0MkxHV3B6RlRHVlA?oc=5\" target=\"_blank\" rel=\"nofollow noopener\">Neymar enfrenta problemas em casa: sogra \u2018se muda\u2019 para mans\u00e3o do jogador e ele n\u00e3o gosta muito<\/a>&nbsp;&nbsp;Super R\u00e1dio Tupi<\/li>\n<\/ol>\n","protected":false},"excerpt":{"rendered":"Sogra de Neymar faz jogador perder a paci\u00eancia com Bruna Biancardi&nbsp;&nbsp;Portal Uai M\u00e3e de Bruna Biancardi &#8216;se muda&#8217;&hellip;\n","protected":false},"author":2,"featured_media":75026,"comment_status":"","ping_status":"","sticky":false,"template":"","format":"standard","meta":{"footnotes":""},"categories":[145],"tags":[211,210,114,115,32,33],"class_list":{"0":"post-75025","1":"post","2":"type-post","3":"status-publish","4":"format-standard","5":"has-post-thumbnail","7":"category-celebridades","8":"tag-celebridades","9":"tag-celebrities","10":"tag-entertainment","11":"tag-entretenimento","12":"tag-portugal","13":"tag-pt"},"share_on_mastodon":{"url":"","error":""},"_links":{"self":[{"href":"https:\/\/www.europesays.com\/pt\/wp-json\/wp\/v2\/posts\/75025","targetHints":{"allow":["GET"]}}],"collection":[{"href":"https:\/\/www.europesays.com\/pt\/wp-json\/wp\/v2\/posts"}],"about":[{"href":"https:\/\/www.europesays.com\/pt\/wp-json\/wp\/v2\/types\/post"}],"author":[{"embeddable":true,"href":"https:\/\/www.europesays.com\/pt\/wp-json\/wp\/v2\/users\/2"}],"replies":[{"embeddable":true,"href":"https:\/\/www.europesays.com\/pt\/wp-json\/wp\/v2\/comments?post=75025"}],"version-history":[{"count":0,"href":"https:\/\/www.europesays.com\/pt\/wp-json\/wp\/v2\/posts\/75025\/revisions"}],"wp:featuredmedia":[{"embeddable":true,"href":"https:\/\/www.europesays.com\/pt\/wp-json\/wp\/v2\/media\/75026"}],"wp:attachment":[{"href":"https:\/\/www.europesays.com\/pt\/wp-json\/wp\/v2\/media?parent=75025"}],"wp:term":[{"taxonomy":"category","embeddable":true,"href":"https:\/\/www.europesays.com\/pt\/wp-json\/wp\/v2\/categories?post=75025"},{"taxonomy":"post_tag","embeddable":true,"href":"https:\/\/www.europesays.com\/pt\/wp-json\/wp\/v2\/tags?post=75025"}],"curies":[{"name":"wp","href":"https:\/\/api.w.org\/{rel}","templated":true}]}}