{"id":75027,"date":"2025-09-17T12:14:08","date_gmt":"2025-09-17T12:14:08","guid":{"rendered":"https:\/\/www.europesays.com\/pt\/75027\/"},"modified":"2025-09-17T12:14:08","modified_gmt":"2025-09-17T12:14:08","slug":"novo-livro-permite-quase-ouvir-novamente-a-voz-do-papa-francisco","status":"publish","type":"post","link":"https:\/\/www.europesays.com\/pt\/75027\/","title":{"rendered":"Novo livro \u201cpermite quase ouvir novamente a voz do Papa Francisco\u201d"},"content":{"rendered":"<p>Chama-se O meu S\u00e3o Francisco e \u00e9 uma obra p\u00f3stuma do Papa Francisco, que ser\u00e1 lan\u00e7ada nesta quinta-feira, 18 de setembro. O livro inclui uma carta do Papa Le\u00e3o XIV, que o leu em primeira m\u00e3o e sobre essa experi\u00eancia partilha: \u201cquase permite ouvir novamente a voz do Papa Francisco\u201d.<\/p>\n<p>Apresentado <a href=\"https:\/\/www.vaticannews.va\/pt\/papa\/news\/2025-09\/papa-francisco-leao-xiv-sao-francisco-semeraro-parolin.html\" target=\"_blank\" rel=\"noopener nofollow\">na semana passada em Assis<\/a>, o livro retrata o profundo v\u00ednculo entre o Papa Francisco e o santo que viveu naquela cidade italiana, e de quem escolheu o nome. A publica\u00e7\u00e3o \u00e9 fruto de uma conversa entre o Papa Francisco e o prefeito do Dicast\u00e9rio das Causas dos Santos, cardeal Marcello Semeraro, ocorrida ao longos dos \u00faltimos meses de 2024.<\/p>\n<p>Na carta assinada por Le\u00e3o XIV, o Papa agradece a Semeraro por esta publica\u00e7\u00e3o e destaca que Francisco n\u00e3o \u201cassumiu\u201d apenas esse nome, \u201cmas tamb\u00e9m procurou identificar-se com ele para torn\u00e1-lo o rosto da sua nova miss\u00e3o\u201d. A missiva, datada de 22 de maio (um m\u00eas ap\u00f3s o falecimento de Bergoglio), sublinha tamb\u00e9m que \u201cainda n\u00e3o desapareceu do nosso \u00e2nimo o efeito provocado\u201d pela sua morte, tema que tamb\u00e9m \u00e9 abordado no livro. Le\u00e3o XIV cita a resposta do Papa argentino \u00e0 pergunta sobre se tinha medo de morrer: \u201cQuando se \u00e9 idoso, percebe-se que n\u00e3o falta muito para o fim, e ent\u00e3o torna-se tamb\u00e9m uma gra\u00e7a poder preparar-se para a morte, poder reler o pr\u00f3prio passado agradecendo ao Senhor por tudo o que nos deu\u201d.<\/p>\n<p>\u00a0<\/p>\n<p><strong>Para Parolin, um \u201ctestamento espiritual\u201d<\/strong><\/p>\n<p>O livro inclui ainda um pref\u00e1cio do secret\u00e1rio de Estado do vaticano, cardeal Pietro Parolin, onde este explica que \u201cquando nos afei\u00e7oamos a um santo \u00e9 porque o descobrimos como amigo e fonte de inspira\u00e7\u00e3o\u201d para \u201cviver com alegria o Evangelho\u201d e \u201cfoi assim que aconteceu com o Papa Francisco\u201d em rela\u00e7\u00e3o a S\u00e3o Francisco de Assis. Para o cardeal, a influ\u00eancia deste santo sobre Jorge Mario Bergoglio \u00e9 vis\u00edvel \u201cnas entrelinhas da sua exist\u00eancia, no seu comportamento, nas suas escolhas preferenciais, nos seus afetos e desejos, e tamb\u00e9m nos encontros e factos que ele viveu\u201d.<\/p>\n<p>Parolin destaca como, no livro, o Papa Francisco relembra v\u00e1rios momentos e experi\u00eancias vividas ao longo da sua vida e \u201cparece quase saborear novamente os tra\u00e7os aben\u00e7oados que o exemplo de S\u00e3o Francisco deixou na sua alma, ajudando-o a ser um pouco como ele, t\u00e3o grato ao Senhor e desejoso de descobri-Lo presente nos pobres, de am\u00e1-Lo naqueles que sofrem e est\u00e3o sozinhos\u201d.<\/p>\n<p>Para o secret\u00e1rio de Estado do Vaticano, este \u201ctestemunho\u201d obtido nos \u00faltimos meses de vida de Francisco \u00e9 quase \u201cum seu \u2018testamento espiritual\u2019 feito de mem\u00f3rias vivas e a\u00e7\u00f5es de gra\u00e7as\u201d. E assinala que \u201co olhar luminoso e sereno\u201d do Papa, nos \u00faltimos dias da sua vida, parece tamb\u00e9m \u201cestar em sintonia\u201d com a alegria e a gratid\u00e3o a Deus que o santo de Assis expressou quando j\u00e1 estava perto do fim da sua pr\u00f3pria vida.<\/p>\n<p>\u00a0<\/p>\n<p><strong>A morte uma semana depois dos rascunhos prontos<\/strong><\/p>\n<p><img fetchpriority=\"high\" decoding=\"async\" aria-describedby=\"caption-attachment-97656\" class=\" wp-image-97656 lazyload\" src=\"https:\/\/www.europesays.com\/pt\/wp-content\/uploads\/2025\/09\/apresentacao-do-livro-postumo-do-Papa-Francisco-em-Assis.-Foto-Vatican-Media.jpeg\" alt=\"A apresentacao do livro postumo do Papa Francisco, em Assis. Foto Vatican Media\" width=\"751\" height=\"422\"\/><\/p>\n<p id=\"caption-attachment-97656\" class=\"wp-caption-text\"> A apresenta\u00e7\u00e3o do livro, em Assis. Foto \u00a9 Vatican Media<\/p>\n<p>Durante a confer\u00eancia de imprensa em Assis, o cardeal Semeraro reiterou que \u201co Papa Francisco interiorizou a figura do santo de Assis\u201d e isso refletiu-se tanto no estilo com que conduziu o seu pontificado, quanto na maneira como enfrentou as situa\u00e7\u00f5es. \u201cA santidade de S\u00e3o Francisco pode ser uma chave interpretativa do minist\u00e9rio petrino\u201d de Jorge Mario Bergoglio, afirmou. O cardeal referiu como prova disso mesmo as v\u00e1rias enc\u00edclicas por ele escritas e inspiradas em S\u00e3o Francisco\u00a0 de Assis, como a Laudato Si\u2019 e a Fratelli tutti, mas tamb\u00e9m o compromisso com a paz, o di\u00e1logo com o Isl\u00e3o e outras religi\u00f5es, e o cuidado da cria\u00e7\u00e3o. Semeraro mencionou ainda a insist\u00eancia do Papa Francisco em observar o mundo a partir das periferias, \u201cdos descartados\u201d, e em promover uma \u201cIgreja em sa\u00edda\u201d como um comportamento ao \u201cestilo franciscano\u201d. O Papa \u201cde certa forma mostrou a figura de Francisco de Assis como uma orienta\u00e7\u00e3o para a Igreja de hoje\u201d, concluiu o cardeal.<\/p>\n<p>Por fim, em resposta \u00e0 pergunta sobre se havia algum elemento do texto que lhe fosse particularmente querido, o cardeal afirmou que ainda o \u201ccomove\u201d o fato de este falar sobre o envelhecimento e a prepara\u00e7\u00e3o para a morte. E recordou que, em 2024, ano em que o livro foi escrito, n\u00e3o poderia imaginar que, no ano seguinte, uma semana depois de saber que os rascunhos estavam prontos, Francisco morreria. \u201cNo livro, ele tamb\u00e9m falou sobre isso: estar disposto a deixar e restabelecer as rela\u00e7\u00f5es para viver em paz\u201d.<\/p>\n<p>\u00a0<\/p>\n","protected":false},"excerpt":{"rendered":"Chama-se O meu S\u00e3o Francisco e \u00e9 uma obra p\u00f3stuma do Papa Francisco, que ser\u00e1 lan\u00e7ada nesta quinta-feira,&hellip;\n","protected":false},"author":2,"featured_media":75028,"comment_status":"","ping_status":"","sticky":false,"template":"","format":"standard","meta":{"footnotes":""},"categories":[143],"tags":[169,114,115,170,32,33],"class_list":{"0":"post-75027","1":"post","2":"type-post","3":"status-publish","4":"format-standard","5":"has-post-thumbnail","7":"category-livros","8":"tag-books","9":"tag-entertainment","10":"tag-entretenimento","11":"tag-livros","12":"tag-portugal","13":"tag-pt"},"share_on_mastodon":{"url":"","error":""},"_links":{"self":[{"href":"https:\/\/www.europesays.com\/pt\/wp-json\/wp\/v2\/posts\/75027","targetHints":{"allow":["GET"]}}],"collection":[{"href":"https:\/\/www.europesays.com\/pt\/wp-json\/wp\/v2\/posts"}],"about":[{"href":"https:\/\/www.europesays.com\/pt\/wp-json\/wp\/v2\/types\/post"}],"author":[{"embeddable":true,"href":"https:\/\/www.europesays.com\/pt\/wp-json\/wp\/v2\/users\/2"}],"replies":[{"embeddable":true,"href":"https:\/\/www.europesays.com\/pt\/wp-json\/wp\/v2\/comments?post=75027"}],"version-history":[{"count":0,"href":"https:\/\/www.europesays.com\/pt\/wp-json\/wp\/v2\/posts\/75027\/revisions"}],"wp:featuredmedia":[{"embeddable":true,"href":"https:\/\/www.europesays.com\/pt\/wp-json\/wp\/v2\/media\/75028"}],"wp:attachment":[{"href":"https:\/\/www.europesays.com\/pt\/wp-json\/wp\/v2\/media?parent=75027"}],"wp:term":[{"taxonomy":"category","embeddable":true,"href":"https:\/\/www.europesays.com\/pt\/wp-json\/wp\/v2\/categories?post=75027"},{"taxonomy":"post_tag","embeddable":true,"href":"https:\/\/www.europesays.com\/pt\/wp-json\/wp\/v2\/tags?post=75027"}],"curies":[{"name":"wp","href":"https:\/\/api.w.org\/{rel}","templated":true}]}}