{"id":75057,"date":"2025-09-17T12:32:09","date_gmt":"2025-09-17T12:32:09","guid":{"rendered":"https:\/\/www.europesays.com\/pt\/75057\/"},"modified":"2025-09-17T12:32:09","modified_gmt":"2025-09-17T12:32:09","slug":"banza-e-problema-no-braga-e-luta-contra-o-tempo","status":"publish","type":"post","link":"https:\/\/www.europesays.com\/pt\/75057\/","title":{"rendered":"Banza \u00e9 problema no Braga e luta contra o tempo"},"content":{"rendered":"<p>Afastado do plantel principal, Simon Banza continua com o futuro indefinido. O avan\u00e7ado tem contrato com o Braga at\u00e9 30 de junho 2027, n\u00e3o entra nas contas de Carlos Vicens e tem quase todos os mercados fechados.<\/p>\n<p data-remotead-prev-elm=\"true\" data-remotead-elm-id=\"inread\">Ar\u00e1bia Saudita, Turquia e S\u00e9rvia foram os \u00faltimos a fechar, deixando o Catar como derradeira alternativa para o avan\u00e7ado de 29 anos, internacional pela Rep\u00fablica Democr\u00e1tica do Congo. Alguns clubes deste pa\u00eds mostraram interesse na contrata\u00e7\u00e3o, mas falta saber se o jogador est\u00e1 disposto \u00e0 mudan\u00e7a, ap\u00f3s ter recusado v\u00e1rias ofertas, uma delas do Al Jazira, que oferecia ao Braga nove milh\u00f5es de euros por 80% do passe e um sal\u00e1rio de 2,3 milh\u00f5es. \u00c0 \u00faltima hora, o jogador pediu tr\u00eas milh\u00f5es e o neg\u00f3cio gorou-se. Agora o tempo joga contra, porque o mercado no Catar fecha hoje.<\/p>\n<p>Caso n\u00e3o seja transferido, Banza n\u00e3o ser\u00e1 reintegrado no plantel principal. Isso \u00e9 garantido. Nese sentido, ir\u00e1 continuar a treinar com os b\u00eas, ficando depois \u00e0 espera da abertura do mercado de inverno. Uma paragem que ir\u00e1 ainda prejudic\u00e1-lo no que toca ao regresso \u00e0 sele\u00e7\u00e3o congolesa, que luta pelo apuramento para o Mundial\u20192026.<\/p>\n","protected":false},"excerpt":{"rendered":"Afastado do plantel principal, Simon Banza continua com o futuro indefinido. O avan\u00e7ado tem contrato com o Braga&hellip;\n","protected":false},"author":2,"featured_media":75058,"comment_status":"","ping_status":"","sticky":false,"template":"","format":"standard","meta":{"footnotes":""},"categories":[87],"tags":[19662,1912,135,42,32,33,134],"class_list":{"0":"post-75057","1":"post","2":"type-post","3":"status-publish","4":"format-standard","5":"has-post-thumbnail","7":"category-desporto","8":"tag-banza","9":"tag-braga","10":"tag-desporto","11":"tag-mercado","12":"tag-portugal","13":"tag-pt","14":"tag-sports"},"share_on_mastodon":{"url":"","error":""},"_links":{"self":[{"href":"https:\/\/www.europesays.com\/pt\/wp-json\/wp\/v2\/posts\/75057","targetHints":{"allow":["GET"]}}],"collection":[{"href":"https:\/\/www.europesays.com\/pt\/wp-json\/wp\/v2\/posts"}],"about":[{"href":"https:\/\/www.europesays.com\/pt\/wp-json\/wp\/v2\/types\/post"}],"author":[{"embeddable":true,"href":"https:\/\/www.europesays.com\/pt\/wp-json\/wp\/v2\/users\/2"}],"replies":[{"embeddable":true,"href":"https:\/\/www.europesays.com\/pt\/wp-json\/wp\/v2\/comments?post=75057"}],"version-history":[{"count":0,"href":"https:\/\/www.europesays.com\/pt\/wp-json\/wp\/v2\/posts\/75057\/revisions"}],"wp:featuredmedia":[{"embeddable":true,"href":"https:\/\/www.europesays.com\/pt\/wp-json\/wp\/v2\/media\/75058"}],"wp:attachment":[{"href":"https:\/\/www.europesays.com\/pt\/wp-json\/wp\/v2\/media?parent=75057"}],"wp:term":[{"taxonomy":"category","embeddable":true,"href":"https:\/\/www.europesays.com\/pt\/wp-json\/wp\/v2\/categories?post=75057"},{"taxonomy":"post_tag","embeddable":true,"href":"https:\/\/www.europesays.com\/pt\/wp-json\/wp\/v2\/tags?post=75057"}],"curies":[{"name":"wp","href":"https:\/\/api.w.org\/{rel}","templated":true}]}}