{"id":7508,"date":"2025-07-29T19:34:11","date_gmt":"2025-07-29T19:34:11","guid":{"rendered":"https:\/\/www.europesays.com\/pt\/7508\/"},"modified":"2025-07-29T19:34:11","modified_gmt":"2025-07-29T19:34:11","slug":"resumo-do-capitulo-de-quarta-feira-30-tem-fim-da-paz-entre-joyce-e-helena","status":"publish","type":"post","link":"https:\/\/www.europesays.com\/pt\/7508\/","title":{"rendered":"resumo do cap\u00edtulo de quarta-feira (30) tem fim da paz entre Joyce e Helena"},"content":{"rendered":"<p>                        <a href=\"https:\/\/img.nsctotal.com.br\/wp-content\/uploads\/2025\/07\/Joyce-e-Helena-voltam-a-discutir-em-Historia-de-Amor.jpg\" data-caption=\"Joyce e Helena voltam a discutir em Hist\u00f3ria de Amor\" aria-label=\"Joyce e Helena voltam a discutir em Hist\u00f3ria de Amor\" rel=\"nofollow noopener\" target=\"_blank\"><img width=\"944\" height=\"531\" src=\"https:\/\/www.europesays.com\/pt\/wp-content\/uploads\/2025\/07\/Joyce-e-Helena-voltam-a-discutir-em-Historia-de-Amor-944x531.jpg\" class=\"attachment-custom-large size-custom-large article-featured-image\" alt=\"Joyce e Helena voltam a discutir em Hist\u00f3ria de Amor\" fetchpriority=\"high\" decoding=\"async\"  \/><\/a><\/p>\n<p>Joyce e Helena voltam a discutir em Hist\u00f3ria de Amor (Foto: Reprodu\u00e7\u00e3o, TV Globo)<\/p>\n<p>Acabou a paz entre Helena (Regina Duarte) e Joyce (Carla Marins) em Hist\u00f3ria de Amor. Depois de v\u00e1rias semanas vivendo um clima ameno e sem discuss\u00f5es, desta vez a menina mimada n\u00e3o vai se segurar e vai reagir de forma agressiva com a m\u00e3e.<\/p>\n<p>Continua depois da publicidade<\/p>\n<p>Joyce ouve Helena falando para Marta (Bia Nunes) que Carlos (Jos\u00e9 Mayer) a convidou para morar junto, mas ela n\u00e3o v\u00ea chances disso acontecer sem prejudicar Joyce e Alice.<\/p>\n<p>Ela ent\u00e3o entra na cozinha e diz que a m\u00e3e deveria sim, ir morar com Carlos e parar de culp\u00e1-la por sua infelicidade. Helena ficar\u00e1 at\u00f4nita. Ser\u00e1 que a paz acabou na casa das duas mais uma vez?<\/p>\n<p>Caio v\u00ea Joyce e Alice na praia <a href=\"https:\/\/www.europesays.com\/pt\/wp-content\/uploads\/2025\/07\/Caio-ve-Joyce-e-Alice-na-praia.jpg\"><a href=\"https:\/\/www.europesays.com\/pt\/wp-content\/uploads\/2025\/07\/Caio-ve-Joyce-e-Alice-na-praia.jpg\" aria-label=\"Imagem da Galeria\"><img loading=\"lazy\" decoding=\"async\" width=\"1200\" height=\"675\" data-id=\"7581596\" src=\"https:\/\/www.europesays.com\/pt\/wp-content\/uploads\/2025\/07\/Caio-ve-Joyce-e-Alice-na-praia.jpg\" alt=\"Hist\u00f3ria de AMor\" class=\"wp-image-7581596\"  \/><\/a><\/p>\n<p>Caio v\u00ea Joyce e Alice na praia (Foto: Reprodu\u00e7\u00e3o, Globoplay)<\/p>\n<p><a href=\"https:\/\/www.europesays.com\/pt\/wp-content\/uploads\/2025\/07\/As-duas-estao-no-calcadao.jpg\"><a href=\"https:\/\/www.europesays.com\/pt\/wp-content\/uploads\/2025\/07\/As-duas-estao-no-calcadao.jpg\" aria-label=\"Imagem da Galeria\"><img loading=\"lazy\" decoding=\"async\" width=\"1200\" height=\"675\" data-id=\"7581594\" src=\"https:\/\/www.europesays.com\/pt\/wp-content\/uploads\/2025\/07\/As-duas-estao-no-calcadao.jpg\" alt=\"As duas est\u00e3o no cal\u00e7ad\u00e3o\" class=\"wp-image-7581594\"  \/><\/a><\/p>\n<p>As duas est\u00e3o no cal\u00e7ad\u00e3o (Foto: Reprodu\u00e7\u00e3o, Globoplay)<\/p>\n<p><a href=\"https:\/\/www.europesays.com\/pt\/wp-content\/uploads\/2025\/07\/Ele-para-para-ver-a-filha.jpg\"><a href=\"https:\/\/www.europesays.com\/pt\/wp-content\/uploads\/2025\/07\/Ele-para-para-ver-a-filha.jpg\" aria-label=\"Imagem da Galeria\"><img loading=\"lazy\" decoding=\"async\" width=\"1200\" height=\"675\" data-id=\"7581597\" src=\"https:\/\/www.europesays.com\/pt\/wp-content\/uploads\/2025\/07\/Ele-para-para-ver-a-filha.jpg\" alt=\"Ele para para ver a filha Hist\u00f3ria de AMor\" class=\"wp-image-7581597\"  \/><\/a><\/p>\n<p>Ele para para ver a filha (Foto: Reprodu\u00e7\u00e3o, Globoplay)<\/p>\n<p><a href=\"https:\/\/www.europesays.com\/pt\/wp-content\/uploads\/2025\/07\/Joyce-fica-surpresa-com-a-presenca-de-Caio.jpg\"><a href=\"https:\/\/www.europesays.com\/pt\/wp-content\/uploads\/2025\/07\/Joyce-fica-surpresa-com-a-presenca-de-Caio.jpg\" aria-label=\"Imagem da Galeria\"><img loading=\"lazy\" decoding=\"async\" width=\"1200\" height=\"675\" data-id=\"7581601\" src=\"https:\/\/www.europesays.com\/pt\/wp-content\/uploads\/2025\/07\/Joyce-fica-surpresa-com-a-presenca-de-Caio.jpg\" alt=\"Joyce fica surpresa com a presen\u00e7a de Caio\" class=\"wp-image-7581601\"  \/><\/a><\/p>\n<p>Joyce fica surpresa com a presen\u00e7a de Caio (Foto: Reprodu\u00e7\u00e3o, Globoplay)<\/p>\n<p><a href=\"https:\/\/www.europesays.com\/pt\/wp-content\/uploads\/2025\/07\/Caio-diz-que-Joyce-esta-cuidando-muito-bem-da-filha.jpg\"><a href=\"https:\/\/www.europesays.com\/pt\/wp-content\/uploads\/2025\/07\/Caio-diz-que-Joyce-esta-cuidando-muito-bem-da-filha.jpg\" aria-label=\"Imagem da Galeria\"><img loading=\"lazy\" decoding=\"async\" width=\"1200\" height=\"675\" data-id=\"7581595\" src=\"https:\/\/www.europesays.com\/pt\/wp-content\/uploads\/2025\/07\/Caio-diz-que-Joyce-esta-cuidando-muito-bem-da-filha.jpg\" alt=\"Caio diz que Joyce est\u00e1  cuidando muito bem da filha Hist\u00f3ria de AMor\" class=\"wp-image-7581595\"  \/><\/a><\/p>\n<p>Caio diz que Joyce est\u00e1 cuidando muito bem da filha (Foto: Reprodu\u00e7\u00e3o, Globoplay)<\/p>\n<p><a href=\"https:\/\/www.europesays.com\/pt\/wp-content\/uploads\/2025\/07\/Ele-se-impressiona-com-o-tamanho-de-Alice.jpg\"><a href=\"https:\/\/www.europesays.com\/pt\/wp-content\/uploads\/2025\/07\/Ele-se-impressiona-com-o-tamanho-de-Alice.jpg\" aria-label=\"Imagem da Galeria\"><img loading=\"lazy\" decoding=\"async\" width=\"1200\" height=\"675\" data-id=\"7581598\" src=\"https:\/\/www.europesays.com\/pt\/wp-content\/uploads\/2025\/07\/Ele-se-impressiona-com-o-tamanho-de-Alice.jpg\" alt=\"Ele se impressiona com o tamanho de Alice\" class=\"wp-image-7581598\"  \/><\/a><\/p>\n<p>Ele se impressiona com o tamanho de Alice (Foto: Reprodu\u00e7\u00e3o, Globoplay)<\/p>\n<p><a href=\"https:\/\/www.europesays.com\/pt\/wp-content\/uploads\/2025\/07\/Joyce-diz-que-ela-esta-bem.jpg\"><a href=\"https:\/\/www.europesays.com\/pt\/wp-content\/uploads\/2025\/07\/Joyce-diz-que-ela-esta-bem.jpg\" aria-label=\"Imagem da Galeria\"><img loading=\"lazy\" decoding=\"async\" width=\"1200\" height=\"675\" data-id=\"7581599\" src=\"https:\/\/www.europesays.com\/pt\/wp-content\/uploads\/2025\/07\/Joyce-diz-que-ela-esta-bem.jpg\" alt=\"Joyce diz que ela est\u00e1 bem Hist\u00f3ria de AMor\" class=\"wp-image-7581599\"  \/><\/a><\/p>\n<p>Joyce diz que ela est\u00e1 bem (Foto: Reprodu\u00e7\u00e3o, Globoplay)<\/p>\n<p><a href=\"https:\/\/www.europesays.com\/pt\/wp-content\/uploads\/2025\/07\/Joyce-diz-que-precisam-seguir-para-evitar-que-Caio-fique-com-a-filha.jpg\"><a href=\"https:\/\/www.europesays.com\/pt\/wp-content\/uploads\/2025\/07\/Joyce-diz-que-precisam-seguir-para-evitar-que-Caio-fique-com-a-filha.jpg\" aria-label=\"Imagem da Galeria\"><img loading=\"lazy\" decoding=\"async\" width=\"1200\" height=\"675\" data-id=\"7581600\" src=\"https:\/\/www.europesays.com\/pt\/wp-content\/uploads\/2025\/07\/Joyce-diz-que-precisam-seguir-para-evitar-que-Caio-fique-com-a-filha.jpg\" alt=\"Joyce diz que precisam seguir para evitar que Caio fique com a filha\" class=\"wp-image-7581600\"  \/><\/a><\/p>\n<p>Joyce diz que precisam seguir para evitar que Caio fique com a filha (Foto: Reprodu\u00e7\u00e3o, Globoplay)<\/p>\n<p><a href=\"https:\/\/www.europesays.com\/pt\/wp-content\/uploads\/2025\/07\/Ela-diz-que-nao-quer-saber-dele-com-ela.jpg\"><a href=\"https:\/\/www.europesays.com\/pt\/wp-content\/uploads\/2025\/07\/Ela-diz-que-nao-quer-saber-dele-com-ela.jpg\" aria-label=\"Imagem da Galeria\"><img loading=\"lazy\" decoding=\"async\" width=\"1200\" height=\"675\" data-id=\"7581592\" src=\"https:\/\/www.europesays.com\/pt\/wp-content\/uploads\/2025\/07\/Ela-diz-que-nao-quer-saber-dele-com-ela.jpg\" alt=\"Ela diz que n\u00e3o quer saber dele com ela Hist\u00f3ria de AMor\" class=\"wp-image-7581592\"  \/><\/a><\/p>\n<p>Ela diz que n\u00e3o quer saber dele com ela (Foto: Reprodu\u00e7\u00e3o, Globoplay)<\/p>\n<p><a href=\"https:\/\/www.europesays.com\/pt\/wp-content\/uploads\/2025\/07\/Caio-diz-que-ela-nao-pode-fazer-isso.jpg\"><a href=\"https:\/\/www.europesays.com\/pt\/wp-content\/uploads\/2025\/07\/Caio-diz-que-ela-nao-pode-fazer-isso.jpg\" aria-label=\"Imagem da Galeria\"><img loading=\"lazy\" decoding=\"async\" width=\"1200\" height=\"675\" data-id=\"7581590\" src=\"https:\/\/www.europesays.com\/pt\/wp-content\/uploads\/2025\/07\/Caio-diz-que-ela-nao-pode-fazer-isso.jpg\" alt=\"Caio diz que ela n\u00e3o pode fazer isso\" class=\"wp-image-7581590\"  \/><\/a><\/p>\n<p>Caio diz que ela n\u00e3o pode fazer isso (Foto: Reprodu\u00e7\u00e3o, Globoplay)<\/p>\n<p><a href=\"https:\/\/www.europesays.com\/pt\/wp-content\/uploads\/2025\/07\/E-que-vai-lutar-por-seus-direitos.jpg\"><a href=\"https:\/\/www.europesays.com\/pt\/wp-content\/uploads\/2025\/07\/E-que-vai-lutar-por-seus-direitos.jpg\" aria-label=\"Imagem da Galeria\"><img loading=\"lazy\" decoding=\"async\" width=\"1200\" height=\"675\" data-id=\"7581591\" src=\"https:\/\/www.europesays.com\/pt\/wp-content\/uploads\/2025\/07\/E-que-vai-lutar-por-seus-direitos.jpg\" alt=\"E que vai lutar por seus direitos Hist\u00f3ria de AMor\" class=\"wp-image-7581591\"  \/><\/a><\/p>\n<p>E que vai lutar por seus direitos (Foto: Reprodu\u00e7\u00e3o, Globoplay)<\/p>\n<p>VoltarAvan\u00e7ar<\/p>\n<p>Continua depois da publicidade<\/p>\n<p>Resumo completo do cap\u00edtulo de quarta-feira (30 de julho) de Hist\u00f3ria de Amor<\/p>\n<ul class=\"wp-block-list\">\n<li>Joyce tenta esconder Alice para que ele n\u00e3o veja a filha. <\/li>\n<li>Os dois discutem. <\/li>\n<li>Carlos explica a Zuleika que Paula passou dos limites, fazendo um esc\u00e2ndalo na casa dele. <\/li>\n<li>Zuleika concorda com Carlos, e conta que a filha decidiu fazer uma longa viagem, al\u00e9m de se separar dele de fato. <\/li>\n<li>Zuleika diz a Carlos que pretende sair da cl\u00ednica para trabalhar com Silvana. <\/li>\n<li>Neusa vai \u00e0 ag\u00eancia de Silvana buscar um relat\u00f3rio para Zuleika. <\/li>\n<li>Na ag\u00eancia, todos ficam surpresos ao ver a empregada bem vestida. <\/li>\n<li>Zuleika conta a Paula que decidiu acompanhar grupos de turistas. <\/li>\n<li>Carlos revela a Helena sua inten\u00e7\u00e3o de morar com ela. <\/li>\n<li>Joyce discute com Helena e diz que ir\u00e1 morar sozinha. <\/li>\n<li>Joyce fica resfriada e Helena cuida da filha. <\/li>\n<li>Paula vai \u00e0 casa de Carlos, pegando o m\u00e9dico de surpresa.<\/li>\n<\/ul>\n<p>E por falar em novelas de\u00a0<strong><a href=\"https:\/\/memoriaglobo.globo.com\/perfil\/manoel-carlos\/noticia\/manoel-carlos.ghtml\" target=\"_blank\" rel=\"noreferrer noopener nofollow\">Maneco<\/a><\/strong>, voc\u00ea conhece\u00a0<strong><a href=\"https:\/\/www.nsctotal.com.br\/noticias\/todas-as-helenas-de-manoel-carlos-qual-a-sua-favorita\" target=\"_blank\" rel=\"noreferrer noopener nofollow\">todas as Helenas de Manoel Carlos? Qual a sua favorita?<\/a><\/strong><\/p>\n","protected":false},"excerpt":{"rendered":"Joyce e Helena voltam a discutir em Hist\u00f3ria de Amor (Foto: Reprodu\u00e7\u00e3o, TV Globo) Acabou a paz entre&hellip;\n","protected":false},"author":2,"featured_media":7509,"comment_status":"","ping_status":"","sticky":false,"template":"","format":"standard","meta":{"footnotes":""},"categories":[142],"tags":[114,115,32,33,151,543],"class_list":{"0":"post-7508","1":"post","2":"type-post","3":"status-publish","4":"format-standard","5":"has-post-thumbnail","7":"category-tv","8":"tag-entertainment","9":"tag-entretenimento","10":"tag-portugal","11":"tag-pt","12":"tag-tv","13":"tag-ver-ouvir-ler"},"share_on_mastodon":{"url":"","error":""},"_links":{"self":[{"href":"https:\/\/www.europesays.com\/pt\/wp-json\/wp\/v2\/posts\/7508","targetHints":{"allow":["GET"]}}],"collection":[{"href":"https:\/\/www.europesays.com\/pt\/wp-json\/wp\/v2\/posts"}],"about":[{"href":"https:\/\/www.europesays.com\/pt\/wp-json\/wp\/v2\/types\/post"}],"author":[{"embeddable":true,"href":"https:\/\/www.europesays.com\/pt\/wp-json\/wp\/v2\/users\/2"}],"replies":[{"embeddable":true,"href":"https:\/\/www.europesays.com\/pt\/wp-json\/wp\/v2\/comments?post=7508"}],"version-history":[{"count":0,"href":"https:\/\/www.europesays.com\/pt\/wp-json\/wp\/v2\/posts\/7508\/revisions"}],"wp:featuredmedia":[{"embeddable":true,"href":"https:\/\/www.europesays.com\/pt\/wp-json\/wp\/v2\/media\/7509"}],"wp:attachment":[{"href":"https:\/\/www.europesays.com\/pt\/wp-json\/wp\/v2\/media?parent=7508"}],"wp:term":[{"taxonomy":"category","embeddable":true,"href":"https:\/\/www.europesays.com\/pt\/wp-json\/wp\/v2\/categories?post=7508"},{"taxonomy":"post_tag","embeddable":true,"href":"https:\/\/www.europesays.com\/pt\/wp-json\/wp\/v2\/tags?post=7508"}],"curies":[{"name":"wp","href":"https:\/\/api.w.org\/{rel}","templated":true}]}}