{"id":75097,"date":"2025-09-17T13:17:09","date_gmt":"2025-09-17T13:17:09","guid":{"rendered":"https:\/\/www.europesays.com\/pt\/75097\/"},"modified":"2025-09-17T13:17:09","modified_gmt":"2025-09-17T13:17:09","slug":"catastrofe-meteorica-no-teaser-da-9a-temporada-de-9-1-1-confira","status":"publish","type":"post","link":"https:\/\/www.europesays.com\/pt\/75097\/","title":{"rendered":"Cat\u00e1strofe mete\u00f3rica no teaser da 9\u00aa temporada de &#8216;9-1-1&#8217;; Confira!"},"content":{"rendered":"<p>A <strong>ABC<\/strong> divulgou o primeiro teaser da 9\u00aa temporada s\u00e9rie \u2018<strong>9-1-1<\/strong>\u2018, que destaca uma catastr\u00f3fica chuva de meteoros\u00a0atingindo a cidade.<\/p>\n<p>Confira e siga o\u00a0<a href=\"https:\/\/www.youtube.com\/cinepop?sub_confirmation=1\" target=\"_blank\" rel=\"noopener nofollow\"><strong>CinePOP no Youtube<\/strong><\/a>:<\/p>\n<p>O pr\u00f3ximo ciclo estrear\u00e1 oficialmente no <strong>dia 9 de outubro<\/strong>.<\/p>\n<p><a href=\"https:\/\/cinepop.com.br\/9-1-1-atores-sao-promovidos-ao-elenco-regular-na-9a-temporada-686920\/\" rel=\"nofollow noopener\" target=\"_blank\">\u20189-1-1\u2019: Atores s\u00e3o promovidos ao elenco regular na 9\u00aa temporada<\/a><\/p>\n<p><a href=\"https:\/\/cinepop.com.br\/kelley-mack-atriz-de-the-walking-dead-e-9-1-1-morre-aos-33-anos-685384\/\" rel=\"nofollow noopener\" target=\"_blank\">ABC antecipou estreia de \u20189-1-1\u2019 e do novo derivado \u20189-1-1: Nashville\u2019!<\/a><\/p>\n<p>Lembrando que <strong>\u20189-1-1\u2019 <\/strong>est\u00e1 dispon\u00edvel no\u00a0<strong>Disney+<\/strong>.<\/p>\n<p><img fetchpriority=\"high\" decoding=\"async\" class=\"alignnone wp-image-345026  lazy\" src=\"https:\/\/www.europesays.com\/pt\/wp-content\/uploads\/2025\/09\/9-1-1-1024x576.jpg\" alt=\"\" width=\"1001\" height=\"564\"  data-\/><\/p>\n<p>A s\u00e9rie foi criada por <strong>Ryan\u00a0Murphy<\/strong>, <strong>Brad Falchuk<\/strong> e <strong>Tim Minear<\/strong>.<\/p>\n<p>A trama explora as vidas de policiais, param\u00e9dicos e bombeiros que precisam enfrentar as situa\u00e7\u00f5es mais assustadoras e chocantes, enquanto respondem a chamados de emerg\u00eancia, e devem equilibrar o trabalho de salvar os mais vulner\u00e1veis e resolver os problemas em suas pr\u00f3prias vidas.<\/p>\n<p>O elenco conta com <strong>Angela Bassett<\/strong>, <strong>Peter Krause<\/strong>, <strong>Jennifer Love Hewitt<\/strong>, <strong>Oliver Stark<\/strong>, <strong>Aisha Hinds<\/strong>, <strong>Kenneth Choi<\/strong>, <strong>Ryan Guzman<\/strong>, <strong>Corinne Massiah<\/strong> e <strong>Gavin McHugh<\/strong>.<\/p>\n<p>&#8211; Publicidade &#8211; <\/p>\n","protected":false},"excerpt":{"rendered":"A ABC divulgou o primeiro teaser da 9\u00aa temporada s\u00e9rie \u20189-1-1\u2018, que destaca uma catastr\u00f3fica chuva de meteoros\u00a0atingindo&hellip;\n","protected":false},"author":2,"featured_media":75098,"comment_status":"","ping_status":"","sticky":false,"template":"","format":"standard","meta":{"footnotes":""},"categories":[140],"tags":[1567,19666,19667,19668,19669,19670,19671,114,115,147,148,18074,19672,1659,19673,19674,146,19675,19676,32,33,19677,13113,19678],"class_list":{"0":"post-75097","1":"post","2":"type-post","3":"status-publish","4":"format-standard","5":"has-post-thumbnail","7":"category-filmes","8":"tag-9-1-1","9":"tag-aisha-hinds","10":"tag-angela-bassett","11":"tag-brad-falchuk","12":"tag-connie-britton","13":"tag-corinne-massiah","14":"tag-elijah-m-cooper","15":"tag-entertainment","16":"tag-entretenimento","17":"tag-film","18":"tag-filmes","19":"tag-fox","20":"tag-gavin-mchugh","21":"tag-jennifer-love-hewitt","22":"tag-kenneth-choi","23":"tag-lou-ferrigno-jr","24":"tag-movies","25":"tag-oliver-stark","26":"tag-peter-krause","27":"tag-portugal","28":"tag-pt","29":"tag-ryan-guzman","30":"tag-ryan-murphy","31":"tag-tim-minear"},"share_on_mastodon":{"url":"","error":""},"_links":{"self":[{"href":"https:\/\/www.europesays.com\/pt\/wp-json\/wp\/v2\/posts\/75097","targetHints":{"allow":["GET"]}}],"collection":[{"href":"https:\/\/www.europesays.com\/pt\/wp-json\/wp\/v2\/posts"}],"about":[{"href":"https:\/\/www.europesays.com\/pt\/wp-json\/wp\/v2\/types\/post"}],"author":[{"embeddable":true,"href":"https:\/\/www.europesays.com\/pt\/wp-json\/wp\/v2\/users\/2"}],"replies":[{"embeddable":true,"href":"https:\/\/www.europesays.com\/pt\/wp-json\/wp\/v2\/comments?post=75097"}],"version-history":[{"count":0,"href":"https:\/\/www.europesays.com\/pt\/wp-json\/wp\/v2\/posts\/75097\/revisions"}],"wp:featuredmedia":[{"embeddable":true,"href":"https:\/\/www.europesays.com\/pt\/wp-json\/wp\/v2\/media\/75098"}],"wp:attachment":[{"href":"https:\/\/www.europesays.com\/pt\/wp-json\/wp\/v2\/media?parent=75097"}],"wp:term":[{"taxonomy":"category","embeddable":true,"href":"https:\/\/www.europesays.com\/pt\/wp-json\/wp\/v2\/categories?post=75097"},{"taxonomy":"post_tag","embeddable":true,"href":"https:\/\/www.europesays.com\/pt\/wp-json\/wp\/v2\/tags?post=75097"}],"curies":[{"name":"wp","href":"https:\/\/api.w.org\/{rel}","templated":true}]}}