{"id":75115,"date":"2025-09-17T13:30:10","date_gmt":"2025-09-17T13:30:10","guid":{"rendered":"https:\/\/www.europesays.com\/pt\/75115\/"},"modified":"2025-09-17T13:30:10","modified_gmt":"2025-09-17T13:30:10","slug":"novidade-metropolitana-confirma-estreia-em-maceio-al","status":"publish","type":"post","link":"https:\/\/www.europesays.com\/pt\/75115\/","title":{"rendered":"Novidade! Metropolitana confirma estreia em Macei\u00f3 (AL)"},"content":{"rendered":"<p>A rede Metropolitana FM Brasil ter\u00e1 mais uma afiliada em sua expans\u00e3o nacional. Trata-se da futura Metropolitana FM 97.7 de Macei\u00f3, emissora que integrar\u00e1 a marca em mais uma capital estadual. A nova esta\u00e7\u00e3o deve iniciar sua opera\u00e7\u00e3o em outubro.<\/p>\n<p>Macei\u00f3 \u00e9 uma das capitais estaduais mais populosas do pa\u00eds e figura entre os principais destinos tur\u00edsticos nacionais, reunindo cerca de 1 milh\u00e3o de habitantes em sua sede.<\/p>\n<p><img loading=\"lazy\" data-od-replaced- data-od-xpath=\"\/HTML\/BODY\/DIV[@class='elementor elementor-1711 elementor-location-single post-15789 post type-post status-publish format-standard has-post-thumbnail hentry category-brasil tag-destaque tag-metropolitana tag-metropolitana-fm tag-rede-metropolitana']\/*[1][self::DIV]\/*[1][self::DIV]\/*[1][self::DIV]\/*[3][self::DIV]\/*[1][self::DIV]\/*[3][self::FIGURE]\/*[1][self::IMG]\" data-dominant-color=\"1d4cc2\" data-has-transparency=\"false\" style=\"--dominant-color: #1d4cc2;\" decoding=\"async\" width=\"1024\" height=\"576\"  src=\"https:\/\/www.europesays.com\/pt\/wp-content\/uploads\/2025\/09\/Anuncio-Esta-Chegando-Site@2x-1024x576.webp.webp\" alt=\"\" class=\"wp-image-15792 not-transparent\" \/><\/p>\n<p>De acordo com a dire\u00e7\u00e3o da rede, a capital alagoana ser\u00e1 a terceira capital estadual a receber a marca no formato de afilia\u00e7\u00e3o, j\u00e1 que sua estreia em 97.7 FM deve ocorrer antes da inaugura\u00e7\u00e3o em Bel\u00e9m, que ter\u00e1 data oficial definida em breve e ser\u00e1 a quarta emissora nessa mesma condi\u00e7\u00e3o. Atualmente, a Metropolitana FM j\u00e1 est\u00e1 presente em Aracaju (90.5 FM) e em Goi\u00e2nia (88.9 FM). E vale ressaltar que a marca possuir\u00e1 cinco emissoras em capitais, se considerar a r\u00e1dio pr\u00f3pria de S\u00e3o Paulo (98.5 FM), sede da rede.<\/p>\n<p>Al\u00e9m de Macei\u00f3 e Bel\u00e9m, a expans\u00e3o da Metropolitana FM tamb\u00e9m prev\u00ea a implanta\u00e7\u00e3o da futura afiliada em Araguatins (93.3 FM), no Tocantins, anunciada em abril e j\u00e1 em fase final de montagem t\u00e9cnica, com estreia a ser confirmada. No m\u00eas passado, a marca inaugurou sua opera\u00e7\u00e3o em Tucuru\u00ed (90.9 FM), tamb\u00e9m no estado do Par\u00e1.<\/p>\n","protected":false},"excerpt":{"rendered":"A rede Metropolitana FM Brasil ter\u00e1 mais uma afiliada em sua expans\u00e3o nacional. Trata-se da futura Metropolitana FM&hellip;\n","protected":false},"author":2,"featured_media":75116,"comment_status":"","ping_status":"","sticky":false,"template":"","format":"standard","meta":{"footnotes":""},"categories":[141],"tags":[1661,114,115,19685,19686,149,150,32,33,19687],"class_list":{"0":"post-75115","1":"post","2":"type-post","3":"status-publish","4":"format-standard","5":"has-post-thumbnail","7":"category-musica","8":"tag-destaque","9":"tag-entertainment","10":"tag-entretenimento","11":"tag-metropolitana","12":"tag-metropolitana-fm","13":"tag-music","14":"tag-musica","15":"tag-portugal","16":"tag-pt","17":"tag-rede-metropolitana"},"share_on_mastodon":{"url":"","error":""},"_links":{"self":[{"href":"https:\/\/www.europesays.com\/pt\/wp-json\/wp\/v2\/posts\/75115","targetHints":{"allow":["GET"]}}],"collection":[{"href":"https:\/\/www.europesays.com\/pt\/wp-json\/wp\/v2\/posts"}],"about":[{"href":"https:\/\/www.europesays.com\/pt\/wp-json\/wp\/v2\/types\/post"}],"author":[{"embeddable":true,"href":"https:\/\/www.europesays.com\/pt\/wp-json\/wp\/v2\/users\/2"}],"replies":[{"embeddable":true,"href":"https:\/\/www.europesays.com\/pt\/wp-json\/wp\/v2\/comments?post=75115"}],"version-history":[{"count":0,"href":"https:\/\/www.europesays.com\/pt\/wp-json\/wp\/v2\/posts\/75115\/revisions"}],"wp:featuredmedia":[{"embeddable":true,"href":"https:\/\/www.europesays.com\/pt\/wp-json\/wp\/v2\/media\/75116"}],"wp:attachment":[{"href":"https:\/\/www.europesays.com\/pt\/wp-json\/wp\/v2\/media?parent=75115"}],"wp:term":[{"taxonomy":"category","embeddable":true,"href":"https:\/\/www.europesays.com\/pt\/wp-json\/wp\/v2\/categories?post=75115"},{"taxonomy":"post_tag","embeddable":true,"href":"https:\/\/www.europesays.com\/pt\/wp-json\/wp\/v2\/tags?post=75115"}],"curies":[{"name":"wp","href":"https:\/\/api.w.org\/{rel}","templated":true}]}}