{"id":75350,"date":"2025-09-17T16:25:10","date_gmt":"2025-09-17T16:25:10","guid":{"rendered":"https:\/\/www.europesays.com\/pt\/75350\/"},"modified":"2025-09-17T16:25:10","modified_gmt":"2025-09-17T16:25:10","slug":"sheron-menezzes-fala-sobre-a-morte-do-irmao-e-como-esta-lidando-com-o-luto","status":"publish","type":"post","link":"https:\/\/www.europesays.com\/pt\/75350\/","title":{"rendered":"Sheron Menezzes fala sobre a morte do irm\u00e3o e como est\u00e1 lidando com o luto"},"content":{"rendered":"<p>A atriz <a href=\"https:\/\/caras.com.br\/tags\/sheron-menezzes\" rel=\"nofollow noopener\" target=\"_blank\"><strong>Sheron Menezzes<\/strong><\/a> abriu o cora\u00e7\u00e3o ao falar sobre um momento bastante delicado vivido por ela e sua fam\u00edlia recentemente. Em agosto deste ano, <a href=\"https:\/\/caras.com.br\/atualidades\/sheron-menezzes-desabafa-apos-morte-do-irmao-aos-36-anos-seguir.phtml\" rel=\"nofollow noopener\" target=\"_blank\">a artista perdeu o irm\u00e3o<\/a>, <strong>Draiton Mancilha de Menezes<\/strong>, de apenas 36 anos.<\/p>\n<p>Agora, cerca de um m\u00eas ap\u00f3s a morte do familiar, Sheron contou como tem lidado com a perda dolorosa. Em entrevista ao \u2018Gshow\u2019, a atriz revelou que o irm\u00e3o era bastante festeiro e, por isso, a melhor forma de homenage\u00e1-lo \u00e9 seguir em frente.<\/p>\n<p>\u201cMeu irm\u00e3o era uma pessoa muito festeira. Ent\u00e3o, n\u00e3o tem tristeza. Acho que, cada vez mais, que a gente se diverte, homenageamos ele. Assim \u00e9 a nossa fam\u00edlia, vivemos o momento. A gente sempre viu a vida dessa maneira l\u00e1 em casa\u201c, declarou a famosa.<\/p>\n<p>\u201cGostamos de viver o presente, at\u00e9 porque a gente n\u00e3o sabe se chegaremos ao futuro. Aprendi que a gente tem que viver sempre o presente. A nossa fam\u00edlia \u00e9 festiva, unida. Gostamos de aproveitar a vida. Continuamos a fazer o que a gente sempre fez. E, com certeza, essa \u00e9 a melhor maneira de homenage\u00e1-lo\u201c, disse Sheron Menezzes, por fim.<\/p>\n<blockquote class=\"instagram-media\" style=\"background: #FFF; border: 0; border-radius: 3px; box-shadow: 0 0 1px 0 rgba(0,0,0,0.5),0 1px 10px 0 rgba(0,0,0,0.15); margin: 1px; max-width: 540px; min-width: 326px; padding: 0; width: calc(100% - 2px);\" data-instgrm-captioned=\"\" data-instgrm-permalink=\"https:\/\/www.instagram.com\/p\/DNgk3jdu6c5\/?utm_source=ig_embed&amp;utm_campaign=loading\" data-instgrm-version=\"14\"><\/blockquote>\n<p> M\u00e3e de Sheron Menezzes faz forte desabafo ap\u00f3s a morte do filho <\/p>\n<p>Em agosto deste ano, a fam\u00edlia de Sheron Menezzes enfrentou um momento bastante delicado: a morte de Draiton Mancilha de Menezes, irm\u00e3o da atriz. Dias ap\u00f3s o ocorrido, dona <strong>Veralinda<\/strong>, m\u00e3e dos dois, fez um desabafo comovente ao falar sobre a partida precoce do filho.<\/p>\n<p>Em seu perfil oficial, a matriarca da fam\u00edlia publicou uma sequ\u00eancia de fotos de Draiton, incluindo registros em fam\u00edlia e de quando ele ainda era crian\u00e7a, e recordou os \u00faltimos momentos ao lado do rapaz. De acordo com o texto de Veralinda, o irm\u00e3o de Sheron faleceu ap\u00f3s uma parada cardiorrespirat\u00f3ria.<\/p>\n<p>\u201cParada card\u00edaca de 22 minutos e sobreviver? Para o meu filho Draiton, driblar a morte era seu esporte favorito, para meu desespero e muita dor. Nesse dia seu cora\u00e7\u00e3o batia acelerado a 140. Eu estava lhe fazendo um carinho no rosto, tentando acalmar os seus gemidos de dor. Quando a minha m\u00e3o desceu para o seu peito e percebi o sil\u00eancio de seu cora\u00e7\u00e3o eu gritei, gritei muito te chamando de volta pra mim e o quarto se encheu de m\u00e9dicos e todo tipo de profissional ressuscitador, numa dedica\u00e7\u00e3o incans\u00e1vel e firme na decis\u00e3o de o fazer voltar\u201c, iniciou ela.<\/p>\n<p>Em seguida, dona Veralinda relembrou os avisos m\u00e9dicos recebidos pelo filho ao longo da vida. Segundo a m\u00e3e de Sheron Menezzes, Draiton Mancilha, que sempre viveu intensamente, n\u00e3o costumava seguir nenhuma recomenda\u00e7\u00e3o dos profissionais de sa\u00fade em rela\u00e7\u00e3o a alguns tratamentos; <a href=\"https:\/\/caras.com.br\/atualidades\/mae-de-sheron-menezzes-faz-forte-desabafo-apos-morte-do-filho-gritei-muito.phtml\" rel=\"nofollow noopener\" target=\"_blank\">confira o relato completo!<\/a><\/p>\n<p><strong>Leia tamb\u00e9m<\/strong>: <a href=\"https:\/\/caras.com.br\/atualidades\/drayson-menezzes-escreve-carta-de-despedida-ao-irmao-morto-aos-36-anos.phtml\" rel=\"nofollow noopener\" target=\"_blank\">Drayson Menezzes escreve carta de despedida ao irm\u00e3o, que morreu aos 36 anos<\/a><\/p>\n<p> <img loading=\"lazy\" decoding=\"async\" class=\"size-full wp-image-996190 img-fluid lazy\" alt=\"Sheron Menezzes com a m\u00e3e e os irm\u00e3os - Foto: Reprodu\u00e7\u00e3o \/ Instagram\" width=\"1080\" height=\"1440\" src=\"https:\/\/www.europesays.com\/pt\/wp-content\/uploads\/2025\/09\/familia-de-sheron-menezzes.jpg\"\/>Sheron Menezzes com a m\u00e3e e os irm\u00e3os \u2013 Foto: Reprodu\u00e7\u00e3o \/ Instagram<\/p>\n<p>        <a href=\"https:\/\/caras.com.br\/autor\/rafaela-oliveira\" rel=\"nofollow noopener\" target=\"_blank\">&#13;<br \/>\n          <img alt=\"Rafaela Oliveira\" src=\"https:\/\/www.europesays.com\/pt\/wp-content\/uploads\/2025\/09\/1758126310_350_49f5322875970d1e29e5ff2c3d4db4418044337871973cc6a09a25acab0e8ff7\"  class=\"avatar avatar-115 photo rounded-circle mr-3\" height=\"115\" width=\"115\" loading=\"lazy\" decoding=\"async\"\/>        <\/a><\/p>\n<p>        <strong>Rafaela Oliveira<\/strong> \u00e9 rep\u00f3rter de conte\u00fado do site CARAS. Formada em jornalismo, j\u00e1 passou por sites como MaisNovela, Portal M\u00e1rcia Piovesan, Purepeople Brasil e Jornal O Dia. Escreve sobre celebridades, TV e reality show. (email: <a href=\"https:\/\/caras.com.br\/cdn-cgi\/l\/email-protection\" class=\"__cf_email__\" data-cfemail=\"4c3e2e2320253a29253e2d132f23202d2e0c2f2d3e2d3f622f2321622e3e\" rel=\"nofollow noopener\" target=\"_blank\">[email\u00a0protected]<\/a>)<\/p>\n<p>\t                                            <script async src=\"\/\/www.instagram.com\/embed.js\"><\/script><\/p>\n","protected":false},"excerpt":{"rendered":"A atriz Sheron Menezzes abriu o cora\u00e7\u00e3o ao falar sobre um momento bastante delicado vivido por ela e&hellip;\n","protected":false},"author":2,"featured_media":75351,"comment_status":"","ping_status":"","sticky":false,"template":"","format":"standard","meta":{"footnotes":""},"categories":[145],"tags":[211,210,19729,114,115,19730,32,33,11157],"class_list":{"0":"post-75350","1":"post","2":"type-post","3":"status-publish","4":"format-standard","5":"has-post-thumbnail","7":"category-celebridades","8":"tag-celebridades","9":"tag-celebrities","10":"tag-draiton-mancilha-de-menezes","11":"tag-entertainment","12":"tag-entretenimento","13":"tag-irmao-de-sheron-menezzes","14":"tag-portugal","15":"tag-pt","16":"tag-sheron-menezzes"},"share_on_mastodon":{"url":"","error":""},"_links":{"self":[{"href":"https:\/\/www.europesays.com\/pt\/wp-json\/wp\/v2\/posts\/75350","targetHints":{"allow":["GET"]}}],"collection":[{"href":"https:\/\/www.europesays.com\/pt\/wp-json\/wp\/v2\/posts"}],"about":[{"href":"https:\/\/www.europesays.com\/pt\/wp-json\/wp\/v2\/types\/post"}],"author":[{"embeddable":true,"href":"https:\/\/www.europesays.com\/pt\/wp-json\/wp\/v2\/users\/2"}],"replies":[{"embeddable":true,"href":"https:\/\/www.europesays.com\/pt\/wp-json\/wp\/v2\/comments?post=75350"}],"version-history":[{"count":0,"href":"https:\/\/www.europesays.com\/pt\/wp-json\/wp\/v2\/posts\/75350\/revisions"}],"wp:featuredmedia":[{"embeddable":true,"href":"https:\/\/www.europesays.com\/pt\/wp-json\/wp\/v2\/media\/75351"}],"wp:attachment":[{"href":"https:\/\/www.europesays.com\/pt\/wp-json\/wp\/v2\/media?parent=75350"}],"wp:term":[{"taxonomy":"category","embeddable":true,"href":"https:\/\/www.europesays.com\/pt\/wp-json\/wp\/v2\/categories?post=75350"},{"taxonomy":"post_tag","embeddable":true,"href":"https:\/\/www.europesays.com\/pt\/wp-json\/wp\/v2\/tags?post=75350"}],"curies":[{"name":"wp","href":"https:\/\/api.w.org\/{rel}","templated":true}]}}