{"id":75364,"date":"2025-09-17T16:32:22","date_gmt":"2025-09-17T16:32:22","guid":{"rendered":"https:\/\/www.europesays.com\/pt\/75364\/"},"modified":"2025-09-17T16:32:22","modified_gmt":"2025-09-17T16:32:22","slug":"camara-debate-saude-da-mulher-e-cancer-ginecologico","status":"publish","type":"post","link":"https:\/\/www.europesays.com\/pt\/75364\/","title":{"rendered":"C\u00e2mara debate sa\u00fade da mulher e c\u00e2ncer ginecol\u00f3gico"},"content":{"rendered":"<p dir=\"ltr\">No Sal\u00e3o Nobre da C\u00e2mara dos Deputados, o f\u00f3rum <a href=\"https:\/\/www.correiobraziliense.com.br\/brasil\/2025\/09\/7249091-cancer-ginecologico-e-tema-de-debate-hoje-na-camara.html\" target=\"_blank\" rel=\"nofollow noopener\">\u201cC\u00e2ncer Ginecol\u00f3gico em Debate: Caminhos para a Transforma\u00e7\u00e3o da Sa\u00fade P\u00fablica\u201d<\/a> promoveu debates e conscientiza\u00e7\u00e3o sobre a promo\u00e7\u00e3o da sa\u00fade ginecol\u00f3gica nesta ter\u00e7a-feira (16\/9). O evento, promovido pelo Grupo EVA em colabora\u00e7\u00e3o com a Frente Parlamentar em Defesa da Sa\u00fade das Mulheres (FPS Mulheres), contou com especialistas, representantes do Legislativo e autoridades em sa\u00fade.\u00a0<\/p>\n<p dir=\"ltr\">A deputada federal Silvia Cristina (PP-RO), presidente da Frente Parlamentar em Prol da Luta contra o C\u00e2ncer, esteve presente e ressaltou a import\u00e2ncia da Pol\u00edtica Nacional de Preven\u00e7\u00e3o e Controle do C\u00e2ncer, sancionada em 2023. \u201cTemos a certeza de que, se diagnosticado precocemente e com a\u00e7\u00f5es concretas, n\u00f3s podemos salvar vidas\u201d, destacou.<\/p>\n<p dir=\"ltr\">O evento tra\u00e7ou ainda um panorama dos c\u00e2nceres ginecol\u00f3gicos no Brasil. Segundo o Instituto Nacional de C\u00e2ncer (INCA), os tumores que atingem colo do \u00fatero, ov\u00e1rio, endom\u00e9trio, vagina e vulva representam 13% dos casos. Na regi\u00e3o Norte, os tumores de colo do \u00fatero s\u00e3o a principal causa de morte por c\u00e2ncer entre as mulheres, 15,7% dos casos.\u00a0<\/p>\n<p class=\"texto\"><strong><a href=\"https:\/\/whatsapp.com\/channel\/0029VaB1U9a002T64ex1Sy2w\" rel=\"nofollow noopener\" target=\"_blank\">Siga o canal do Correio no WhatsApp e receba as principais not\u00edcias do dia no seu celular<\/a><\/strong><\/p>\n<p dir=\"ltr\">A oncologista e presidente do Grupo Eva, Andrea Gadelha Guimar\u00e3es, destacou a import\u00e2ncia de estruturar a\u00e7\u00f5es integradas e da vacina contra o papilomav\u00edrus humano (HPV), que pode tumores em diferentes regi\u00f5es. \u201cA gente est\u00e1 falando de um c\u00e2ncer que a gente tem como prevenir, isso \u00e9 que torna a quest\u00e3o do c\u00e2ncer de colo de \u00fatero e essa realidade inaceit\u00e1vel\u201d, declara. &#8220;O Brasil precisa de uma virada relevante e efetiva na vacina\u00e7\u00e3o contra o v\u00edrus HPV. S\u00f3 assim conseguiremos mudar o cen\u00e1rio alarmante em que quase\u00a0 8 mil mulheres morrem por ano de c\u00e2ncer de colo do \u00fatero.&#8221;\u00a0<\/p>\n<p dir=\"ltr\">Ap\u00f3s o di\u00e1logo no Sal\u00e3o Nobre, a iniciativa iluminou o pr\u00e9dio do Congresso Nacional com proje\u00e7\u00f5es do Setembro em Flor, campanha pela preven\u00e7\u00e3o dos c\u00e2nceres ginecol\u00f3gicos. A a\u00e7\u00e3o exibiu mensagens sobre vacina\u00e7\u00e3o, fatores de risco e est\u00edmulo \u00e0 ado\u00e7\u00e3o de h\u00e1bitos saud\u00e1veis.\u00a0<\/p>\n<p dir=\"ltr\">&#13;\n<\/p>\n<p>                            <a href=\"https:\/\/www.correiobraziliense.com.br\/autor\/gabriella-braz\/page\/1\/\" style=\"height: 100%;\" rel=\"nofollow noopener\" target=\"_blank\"><img decoding=\"async\" class=\"hidden-print author-circle d-block h6 mt-0 mb-0 mr-6 text-center\" src=\"https:\/\/www.europesays.com\/pt\/wp-content\/uploads\/2025\/07\/whatsapp_image_2023_10_10_at_19_18_18-30054727.jpeg\" alt=\"\" width=\"40\" height=\"40\" loading=\"lazy\" style=\"object-fit:cover; width: 40px; height: 40px; margin-right:10px;\"\/><\/a><a href=\"https:\/\/www.correiobraziliense.com.br\/autor\/gabriella-braz\/page\/1\/\" rel=\"nofollow noopener\" target=\"_blank\"><img decoding=\"async\" class=\"hidden-print author-circle d-block h6 mt-0 mb-0 mr-6 text-center\" src=\"https:\/\/www.europesays.com\/pt\/wp-content\/uploads\/2025\/07\/whatsapp_image_2023_10_10_at_19_18_18-30054727.jpeg\" alt=\"\" width=\"40\" height=\"40\" loading=\"lazy\" style=\"object-fit:cover; width: 40px; height: 40px; margin-right:10px;\"\/><\/a>Gabriella Braz  <strong class=\"entryStrongAuthor\">Rep\u00f3rter<\/strong><\/p>\n<p class=\"entryDescricaoAuthor\">Jornalista pela UnB, piauiense residente no DF, escritora e entusiasta de temas relacionados \u00e0 educa\u00e7\u00e3o e meio ambiente. Tem passagens pelo EuEstudante, assessorias e pela Empresa Brasil de Comunica\u00e7\u00e3o (EBC).<\/p>\n","protected":false},"excerpt":{"rendered":"No Sal\u00e3o Nobre da C\u00e2mara dos Deputados, o f\u00f3rum \u201cC\u00e2ncer Ginecol\u00f3gico em Debate: Caminhos para a Transforma\u00e7\u00e3o da&hellip;\n","protected":false},"author":2,"featured_media":75365,"comment_status":"","ping_status":"","sticky":false,"template":"","format":"standard","meta":{"footnotes":""},"categories":[86],"tags":[1776,116,12231,3968,32,33,117],"class_list":{"0":"post-75364","1":"post","2":"type-post","3":"status-publish","4":"format-standard","5":"has-post-thumbnail","7":"category-saude","8":"tag-cancer","9":"tag-health","10":"tag-hpv","11":"tag-mulher","12":"tag-portugal","13":"tag-pt","14":"tag-saude"},"share_on_mastodon":{"url":"","error":""},"_links":{"self":[{"href":"https:\/\/www.europesays.com\/pt\/wp-json\/wp\/v2\/posts\/75364","targetHints":{"allow":["GET"]}}],"collection":[{"href":"https:\/\/www.europesays.com\/pt\/wp-json\/wp\/v2\/posts"}],"about":[{"href":"https:\/\/www.europesays.com\/pt\/wp-json\/wp\/v2\/types\/post"}],"author":[{"embeddable":true,"href":"https:\/\/www.europesays.com\/pt\/wp-json\/wp\/v2\/users\/2"}],"replies":[{"embeddable":true,"href":"https:\/\/www.europesays.com\/pt\/wp-json\/wp\/v2\/comments?post=75364"}],"version-history":[{"count":0,"href":"https:\/\/www.europesays.com\/pt\/wp-json\/wp\/v2\/posts\/75364\/revisions"}],"wp:featuredmedia":[{"embeddable":true,"href":"https:\/\/www.europesays.com\/pt\/wp-json\/wp\/v2\/media\/75365"}],"wp:attachment":[{"href":"https:\/\/www.europesays.com\/pt\/wp-json\/wp\/v2\/media?parent=75364"}],"wp:term":[{"taxonomy":"category","embeddable":true,"href":"https:\/\/www.europesays.com\/pt\/wp-json\/wp\/v2\/categories?post=75364"},{"taxonomy":"post_tag","embeddable":true,"href":"https:\/\/www.europesays.com\/pt\/wp-json\/wp\/v2\/tags?post=75364"}],"curies":[{"name":"wp","href":"https:\/\/api.w.org\/{rel}","templated":true}]}}