{"id":75517,"date":"2025-09-17T18:32:04","date_gmt":"2025-09-17T18:32:04","guid":{"rendered":"https:\/\/www.europesays.com\/pt\/75517\/"},"modified":"2025-09-17T18:32:04","modified_gmt":"2025-09-17T18:32:04","slug":"fabio-e-liliana-apanhados-sozinhos-no-quarto-e-levam-com-provocacoes-nao-sejas-empata-secret-story","status":"publish","type":"post","link":"https:\/\/www.europesays.com\/pt\/75517\/","title":{"rendered":"F\u00e1bio e Liliana &#8216;apanhados&#8217; sozinhos no quarto e levam com provoca\u00e7\u00f5es: \u00abN\u00e3o sejas empata&#8230;\u00bb &#8211; Secret Story"},"content":{"rendered":"<p>No <strong>Secret Story 9, Liliana conversa com F\u00e1bio no quarto. <\/strong>Sandro e Marisa apercebem-se e picam os colegas. Veja tudo.<\/p>\n<p>Na primeira semana do Secret Story &#8211; Casa dos Segredos 9, h\u00e1 quatro concorrentes em risco de abandonar a casa.\u00a0<\/p>\n<p>Vote para SALVAR o seu favorito:<br \/>\u00a0<br \/>BRUNA \u2013 761 20 20 03<br \/>BRUNO MIGUEL \u2013 761 20 20 05<br \/>DYLAN \u2013 761 20 20 07<br \/>PEDRO \u2013 761 20 20 18<\/p>\n<p><a href=\"https:\/\/tvi.iol.pt\/secretstory\/aominuto\" rel=\"nofollow noopener\" target=\"_blank\">Acompanhe tudo o que se passa na casa do Secret Story ao minuto!<\/a><\/p>\n","protected":false},"excerpt":{"rendered":"No Secret Story 9, Liliana conversa com F\u00e1bio no quarto. Sandro e Marisa apercebem-se e picam os colegas.&hellip;\n","protected":false},"author":2,"featured_media":75518,"comment_status":"","ping_status":"","sticky":false,"template":"","format":"standard","meta":{"footnotes":""},"categories":[142],"tags":[114,115,19082,19033,19016,19034,32,33,151,19032],"class_list":{"0":"post-75517","1":"post","2":"type-post","3":"status-publish","4":"format-standard","5":"has-post-thumbnail","7":"category-tv","8":"tag-entertainment","9":"tag-entretenimento","10":"tag-fabio","11":"tag-galas-em-video","12":"tag-liliana","13":"tag-melhores-momentos-casa-dos-segredos","14":"tag-portugal","15":"tag-pt","16":"tag-tv","17":"tag-videos-secret-story-tvi"},"share_on_mastodon":{"url":"","error":""},"_links":{"self":[{"href":"https:\/\/www.europesays.com\/pt\/wp-json\/wp\/v2\/posts\/75517","targetHints":{"allow":["GET"]}}],"collection":[{"href":"https:\/\/www.europesays.com\/pt\/wp-json\/wp\/v2\/posts"}],"about":[{"href":"https:\/\/www.europesays.com\/pt\/wp-json\/wp\/v2\/types\/post"}],"author":[{"embeddable":true,"href":"https:\/\/www.europesays.com\/pt\/wp-json\/wp\/v2\/users\/2"}],"replies":[{"embeddable":true,"href":"https:\/\/www.europesays.com\/pt\/wp-json\/wp\/v2\/comments?post=75517"}],"version-history":[{"count":0,"href":"https:\/\/www.europesays.com\/pt\/wp-json\/wp\/v2\/posts\/75517\/revisions"}],"wp:featuredmedia":[{"embeddable":true,"href":"https:\/\/www.europesays.com\/pt\/wp-json\/wp\/v2\/media\/75518"}],"wp:attachment":[{"href":"https:\/\/www.europesays.com\/pt\/wp-json\/wp\/v2\/media?parent=75517"}],"wp:term":[{"taxonomy":"category","embeddable":true,"href":"https:\/\/www.europesays.com\/pt\/wp-json\/wp\/v2\/categories?post=75517"},{"taxonomy":"post_tag","embeddable":true,"href":"https:\/\/www.europesays.com\/pt\/wp-json\/wp\/v2\/tags?post=75517"}],"curies":[{"name":"wp","href":"https:\/\/api.w.org\/{rel}","templated":true}]}}