{"id":75527,"date":"2025-09-17T18:39:12","date_gmt":"2025-09-17T18:39:12","guid":{"rendered":"https:\/\/www.europesays.com\/pt\/75527\/"},"modified":"2025-09-17T18:39:12","modified_gmt":"2025-09-17T18:39:12","slug":"alvaro-ataca-mario-e-diz-que-se-fosse-centeno-saia-do-bdp-observador","status":"publish","type":"post","link":"https:\/\/www.europesays.com\/pt\/75527\/","title":{"rendered":"\u00c1lvaro ataca M\u00e1rio e diz que se fosse Centeno sa\u00eda do BdP \u2013 Observador"},"content":{"rendered":"<p>A independ\u00eancia vai ser \u201clevada at\u00e9 ao limite\u201d, garantiu o futuro governador. \u201c<strong>A mim n\u00e3o me interessa, literalmente, quem est\u00e1 no Governo<\/strong>. O que quero \u00e9 uma rela\u00e7\u00e3o cordial com todos os governos\u201d, garante \u00c1lvaro Santos Pereira, concordando que \u00e9 necess\u00e1rio promover \u201cboas rela\u00e7\u00f5es institucionais\u201d com o Governo.<\/p>\n<p>Em contraste com aquilo que aconteceu nos \u00faltimos anos com Centeno, cuja rela\u00e7\u00e3o com Miranda Sarmento sempre foi dif\u00edcil, Santos Pereira diz que vai garantir um contacto muito pr\u00f3ximo, <strong>com reuni\u00f5es regulares<\/strong>\u00a0com o Minist\u00e9rio das Finan\u00e7as e com o Governo.<\/p>\n<blockquote class=\"wp-embedded-content\" data-secret=\"WOX03C4ZPB\">\n<p><a href=\"https:\/\/observador.pt\/2025\/07\/04\/alvaro-santos-pereira-faz-critica-velada-a-centeno-um-banco-central-nao-pode-ser-politico-tem-de-ser-independente-e-tecnico\/\" rel=\"nofollow noopener\" target=\"_blank\">\u00c1lvaro Santos Pereira faz cr\u00edtica velada a Centeno: \u201cUm banco central n\u00e3o pode ser pol\u00edtico, tem de ser independente e t\u00e9cnico\u201d<\/a><\/p>\n<\/blockquote>\n<p>Para o PS, contudo, \u00c1lvaro Santos Pereira, s\u00f3 por n\u00e3o ter cart\u00e3o partid\u00e1rio (M\u00e1rio Centeno tamb\u00e9m n\u00e3o \u00e9 militante do PS) n\u00e3o quer dizer que seja independente. Ali\u00e1s, depois de o futuro governador recordar a situa\u00e7\u00e3o de \u201c<strong>bancarrota<\/strong>\u201d vivida em 2011, ap\u00f3s v\u00e1rios anos de governa\u00e7\u00e3o socialista marcada por \u201ccorrup\u00e7\u00e3o e pol\u00edticas p\u00fablicas despesistas e irrespons\u00e1veis\u201d, <strong>o deputado Carlos Pereira atirou-se ao futuro governador<\/strong>.<\/p>\n<p>\u201c<strong>N\u00e3o houve bancarrota<\/strong>, n\u00e3o houve um quadro de insolv\u00eancia, <strong>houve uma assist\u00eancia financeira<\/strong>\u201d, atirou o deputado socialista.\u00a0\u201cUm governador [indigitado] n\u00e3o deve e n\u00e3o pode\u201d usar este tipo de discurso que, diz, pertence mais \u00e0 esfera das \u201c<strong>tascas e dos caf\u00e9s<\/strong>\u201d \u2013 e n\u00e3o \u00e0 Assembleia da Rep\u00fablica.<\/p>\n<p>Para Carlos Pereira, isto demonstra que \u00c1lvaro Santos Pereira n\u00e3o \u00e9 independente, porque usou v\u00e1rias \u201cexpress\u00f5es carregadas\u201d de considera\u00e7\u00f5es de \u00edndole partid\u00e1ria.<\/p>\n<p>\t\t    \t\t         &#8220;\u00c9 bem poss\u00edvel que as taxas de juro se mantenham por algum tempo&#8221;, diz \u00c1lvaro Santos Pereira, que diz que n\u00e3o \u00e9 &#8220;pomba&#8221; como Centeno <\/p>\n<p>\t\t\t\t\t\u2193 Mostrar<\/p>\n<p>\t\t\t\t\t\u2191 Esconder<\/p>\n<p>Na zona euro, \u201ccomo a taxa de infla\u00e7\u00e3o est\u00e1 neste momento em cerca de 2%, dentro dos objetivos, <strong>\u00e9 bem poss\u00edvel que as taxas de juro se mantenham por algum tempo<\/strong> \u2013 tudo vai depender daquilo que for analisado, reuni\u00e3o a reuni\u00e3o\u201d do BCE, afirmou \u00c1lvaro Santos Pereira.<\/p>\n<blockquote class=\"wp-embedded-content\" data-secret=\"f7lGraD4f0\">\n<p><a href=\"https:\/\/observador.pt\/especiais\/acabaram-os-cortes-de-juros-confirma-o-bce-que-promete-socorrer-franca-nos-mercados-se-for-necessario\/\" rel=\"nofollow noopener\" target=\"_blank\">Acabaram os cortes de juros, confirma o BCE, que promete socorrer Fran\u00e7a nos mercados \u201cse for necess\u00e1rio\u201d<\/a><\/p>\n<\/blockquote>\n<p>Anteriormente, o futuro governador tinha sido questionado sobre se, no seio do Conselho do BCE, ir\u00e1 vestir o fato de \u201cpomba\u201d ou um \u201cfalc\u00e3o\u201d da pol\u00edtica monet\u00e1ria, uma refer\u00eancia \u00e0s designa\u00e7\u00f5es usadas na g\u00edria dos bancos centrais para descrever algu\u00e9m mais propenso a manter taxas de juro baixas ou, por outro lado, algu\u00e9m mais avesso aos riscos de infla\u00e7\u00e3o.<\/p>\n<p>\u201c<strong>Uma pomba n\u00e3o sou, de certeza<\/strong>\u201d, sublinha, lembrando que considera o controlo da infla\u00e7\u00e3o absolutamente essencial. M\u00e1rio Centeno, por seu turno, era visto como uma das principais \u201cpombas\u201d no BCE.<\/p>\n<p>Santos Pereira deixou essas acusa\u00e7\u00f5es sem resposta, mas sublinhou, por outro lado, que a sua independ\u00eancia n\u00e3o \u00e9 apenas em rela\u00e7\u00e3o ao Estado mas, tamb\u00e9m, em rela\u00e7\u00e3o aos supervisionados \u2013 isto \u00e9, <strong>os bancos, que ir\u00e3o ser escrutinados de forma \u201catenta\u201d,<\/strong> avisou.<\/p>\n<p>Um tema onde \u00c1lvaro Santos Pereira n\u00e3o quis entrar muito foi no tema da <strong>nova sede<\/strong>, pol\u00e9mica que abalou a reta final do mandato de M\u00e1rio Centeno como governador do Banco de Portugal ap\u00f3s uma <a href=\"https:\/\/observador.pt\/especiais\/banco-de-portugal-prometeu-comprar-edificios-em-tosco-por-1919-milhoes-de-euros-sem-licenciamento-garantido\/\" rel=\"nofollow noopener\" target=\"_blank\">investiga\u00e7\u00e3o do Observador<\/a>.<\/p>\n<p>O futuro rosto do supervisor financeiro reconheceu que faz sentido reunir num \u00fanico edif\u00edcio todos os servi\u00e7os que atualmente est\u00e3o espalhados pela capital. \u201cIsso n\u00e3o est\u00e1 em causa\u201d, afirmou, mas uma \u201cdecis\u00e3o estrutural\u201d como esta <strong>n\u00e3o deveria ter sido decidida por M\u00e1rio Centeno nos \u00faltimos meses do mandato<\/strong>, quando j\u00e1 tudo indicava que n\u00e3o seria reconduzido.<\/p>\n<p>Santos Pereira, que j\u00e1 sabia que ia ser questionado sobre o tema, remeteu para mais tarde esclarecimentos sobre o tema \u2013 j\u00e1 que nesta fase tudo o que pudesse dizer seria \u201cespecula\u00e7\u00e3o\u201d com base nas not\u00edcias que foram publicadas. \u201cVou estudar, <strong>n\u00e3o tenho informa\u00e7\u00e3o<\/strong>, quando chegar vou certamente analisar o dossi\u00ea com grande detalhe e, depois, certamente, se o Parlamento entender que eu devo prestar esclarecimentos eu f\u00e1-lo-ei\u201d.<\/p>\n<blockquote class=\"wp-embedded-content\" data-secret=\"NP52S1VsZT\">\n<p><a href=\"https:\/\/observador.pt\/especiais\/banco-de-portugal-prometeu-comprar-edificios-em-tosco-por-1919-milhoes-de-euros-sem-licenciamento-garantido\/\" rel=\"nofollow noopener\" target=\"_blank\">Investiga\u00e7\u00e3o Observador. A sede do Banco de Portugal, as \u201cred flags\u201d de \u201calto risco\u201d e os edif\u00edcios \u2019em tosco\u2019 que custam 191,99 milh\u00f5es<\/a><\/p>\n<\/blockquote>\n<p>Relativamente \u00e0 pol\u00e9mica auditoria da Inspe\u00e7\u00e3o-Geral de Finan\u00e7as (IGF) sobre o caso da nova sede, \u00c1lvaro Santos Pereira diz que \u201c\u00e9 importante dizer que na lei org\u00e2nica do BdP e tamb\u00e9m do Minist\u00e9rio das Finan\u00e7as, assim como as regras do Eurossistema, sabemos que auditorias feitas por institui\u00e7\u00f5es controladas politicamente <strong>n\u00e3o est\u00e3o abrangidas<\/strong>\u201d.<\/p>\n<p>Por\u00e9m, \u201cpara mim \u00e9 muito importante dizer que \u2018<strong>quem n\u00e3o deve n\u00e3o teme\u2019<\/strong>\u201c, atirou Santos Pereira, garantindo que o \u201cBanco de Portugal ir\u00e1 prestar todas as informa\u00e7\u00f5es necess\u00e1rias ao povo portugu\u00eas e ir\u00e1 responder \u00e0s quest\u00f5es que forem colocadas\u201d em qualquer auditoria que exista.<\/p>\n<p>\u201cO BdP tem de dar todos os esclarecimentos poss\u00edveis. Se for entendido que h\u00e1 auditoria, tem de ser feita nos termos da lei org\u00e2nica do Banco de Portugal e do Minist\u00e9rio das Finan\u00e7as\u201d, disse, admitindo que o <strong>Tribunal de Contas tamb\u00e9m poder\u00e1 vir a escrutinar este caso<\/strong> \u2013 e esse, sim, pode, pelas regras do Eurossistema, auditar o supervisor financeiro.<\/p>\n<p>Foi <a href=\"https:\/\/observador.pt\/2025\/09\/11\/inspecao-geral-de-financas-ainda-a-espera-reunir-com-banco-de-portugal-sobre-nova-sede\/\" rel=\"nofollow noopener\" target=\"_blank\">noticiado na semana passada<\/a> que a Inspe\u00e7\u00e3o-Geral de Finan\u00e7as (IGF) est\u00e1 a aguardar a marca\u00e7\u00e3o de uma reuni\u00e3o com o Banco de Portugal (BdP) para esclarecer a nova sede da entidade, depois de o Minist\u00e9rio das Finan\u00e7as ter mandatado o organismo fiscalizador a realizar uma auditoria ao processo do investimento na nova sede.<\/p>\n<blockquote class=\"wp-embedded-content\" data-secret=\"lP59oUy7up\">\n<p><a href=\"https:\/\/observador.pt\/especiais\/pode-a-igf-por-ordem-do-ministro-auditar-o-banco-de-portugal-resposta-vai-depender-do-proximo-governador\/\" rel=\"nofollow noopener\" target=\"_blank\">Pode a IGF (por ordem do ministro) auditar o Banco de Portugal? Resposta vai depender do pr\u00f3ximo governador<\/a><\/p>\n<\/blockquote>\n<p>Mas se Santos Pereira evita coment\u00e1rios muito aprofundados sobre o tema da nova sede, n\u00e3o foge a comentar outra decis\u00e3o que tamb\u00e9m foi tomada por M\u00e1rio Centeno perto do fim do mandato: a <strong>renova\u00e7\u00e3o do contrato de \u00c1lvaro Novo<\/strong>, seu chefe de gabinete e amigo de longa data, que agora ser\u00e1 substitu\u00eddo por \u00c1lvaro Santos Pereira.<\/p>\n<p>\u201cO chefe de gabinete \u00e9 algu\u00e9m que trabalha muito de perto com ministros ou governadores e <strong>tem de ser algu\u00e9m da confian\u00e7a total<\/strong>\u201d, disse o pr\u00f3ximo governador do Banco de Portugal, adiantando que a sua chefe de gabinete n\u00e3o ser\u00e1 \u00c1lvaro Novo mas, sim, Filipa Santos, que foi sua chefe de gabinete quando era ministro da Economia. Santos Pereira n\u00e3o comentou, por\u00e9m, a promo\u00e7\u00e3o da mulher de Mourinho F\u00e9lix para diretora-adjunta no banco.<\/p>\n<p>                                    Se tiver uma hist\u00f3ria que queira partilhar sobre irregularidades na sua autarquia, preencha<br \/>\n                                    <a href=\"https:\/\/forms.gle\/uQ1gDpSwmRd7ezUf8\" target=\"_blank\" rel=\"noopener noreferrer nofollow\">este formul\u00e1rio an\u00f3nimo<\/a>.<\/p>\n","protected":false},"excerpt":{"rendered":"A independ\u00eancia vai ser \u201clevada at\u00e9 ao limite\u201d, garantiu o futuro governador. \u201cA mim n\u00e3o me interessa, literalmente,&hellip;\n","protected":false},"author":2,"featured_media":75528,"comment_status":"","ping_status":"","sticky":false,"template":"","format":"standard","meta":{"footnotes":""},"categories":[83],"tags":[19766,475,474,88,476,89,90,302,32,33],"class_list":{"0":"post-75527","1":"post","2":"type-post","3":"status-publish","4":"format-standard","5":"has-post-thumbnail","7":"category-empresas","8":"tag-assembleia-da-repu00fablica","9":"tag-banca","10":"tag-banco-de-portugal","11":"tag-business","12":"tag-economia","13":"tag-economy","14":"tag-empresas","15":"tag-polu00edtica","16":"tag-portugal","17":"tag-pt"},"share_on_mastodon":{"url":"","error":""},"_links":{"self":[{"href":"https:\/\/www.europesays.com\/pt\/wp-json\/wp\/v2\/posts\/75527","targetHints":{"allow":["GET"]}}],"collection":[{"href":"https:\/\/www.europesays.com\/pt\/wp-json\/wp\/v2\/posts"}],"about":[{"href":"https:\/\/www.europesays.com\/pt\/wp-json\/wp\/v2\/types\/post"}],"author":[{"embeddable":true,"href":"https:\/\/www.europesays.com\/pt\/wp-json\/wp\/v2\/users\/2"}],"replies":[{"embeddable":true,"href":"https:\/\/www.europesays.com\/pt\/wp-json\/wp\/v2\/comments?post=75527"}],"version-history":[{"count":0,"href":"https:\/\/www.europesays.com\/pt\/wp-json\/wp\/v2\/posts\/75527\/revisions"}],"wp:featuredmedia":[{"embeddable":true,"href":"https:\/\/www.europesays.com\/pt\/wp-json\/wp\/v2\/media\/75528"}],"wp:attachment":[{"href":"https:\/\/www.europesays.com\/pt\/wp-json\/wp\/v2\/media?parent=75527"}],"wp:term":[{"taxonomy":"category","embeddable":true,"href":"https:\/\/www.europesays.com\/pt\/wp-json\/wp\/v2\/categories?post=75527"},{"taxonomy":"post_tag","embeddable":true,"href":"https:\/\/www.europesays.com\/pt\/wp-json\/wp\/v2\/tags?post=75527"}],"curies":[{"name":"wp","href":"https:\/\/api.w.org\/{rel}","templated":true}]}}