{"id":75881,"date":"2025-09-18T00:17:08","date_gmt":"2025-09-18T00:17:08","guid":{"rendered":"https:\/\/www.europesays.com\/pt\/75881\/"},"modified":"2025-09-18T00:17:08","modified_gmt":"2025-09-18T00:17:08","slug":"lemborexante-conheca-novo-remedio-para-insonia-aprovado-pela-anvisa","status":"publish","type":"post","link":"https:\/\/www.europesays.com\/pt\/75881\/","title":{"rendered":"Lemborexante: conhe\u00e7a novo rem\u00e9dio para ins\u00f4nia aprovado pela Anvisa"},"content":{"rendered":"<p data-component-name=\"paragraph\" class=\"styles__ParagraphStyled-sc-6adecn-0 cWrRiu  \">A <a href=\"https:\/\/www.estadao.com.br\/tudo-sobre\/anvisa-agencia-nacional-de-vigilancia-sanitaria\/\" target=\"_blank\" rel=\"nofollow noopener\" title=\"https:\/\/www.estadao.com.br\/tudo-sobre\/anvisa-agencia-nacional-de-vigilancia-sanitaria\/\"><strong>Ag\u00eancia Nacional de Vigil\u00e2ncia Sanit\u00e1ria (Anvisa)<\/strong><\/a> aprovou, em abril deste ano, um novo rem\u00e9dio para o tratamento da <a href=\"https:\/\/www.estadao.com.br\/tudo-sobre\/insonia\/\" target=\"_blank\" rel=\"nofollow noopener\" title=\"https:\/\/www.estadao.com.br\/tudo-sobre\/insonia\/\"><strong>ins\u00f4nia<\/strong><\/a>. Chamado de lemborexante, o produto foi registrado com o nome comercial Dayvigo e a expectativa dos m\u00e9dicos \u00e9 que chegue ao mercado nacional nos pr\u00f3ximos meses.<\/p>\n<p data-component-name=\"paragraph\" class=\"styles__ParagraphStyled-sc-6adecn-0 cWrRiu  \">O novo medicamento e a eszopiclona, droga aprovada pela Anvisa em 2019, foram considerados os rem\u00e9dios mais eficazes para o tratamento do dist\u00farbio em adultos em uma metan\u00e1lise conduzida por pesquisadores de Oxford e <a href=\"https:\/\/www.thelancet.com\/article\/s0140-6736(22)00878-9\/fulltext\" target=\"_blank\" rel=\"nofollow noopener\" title=\"https:\/\/www.thelancet.com\/article\/s0140-6736(22)00878-9\/fulltext\"><strong>publicada na revista <\/strong><strong>The Lancet<\/strong><\/a> em 2022.<\/p>\n<p><img  loading=\"lazy\" class=\"lazy-load-img\"\/><\/p>\n<p>Para especialista, apesar dos ind\u00edcios positivos, s\u00f3 ser\u00e1 poss\u00edvel afirmar que o lemborexante tem menor risco de depend\u00eancia daqui a alguns anos\u00a0Foto:  Pixel-Shot\/Adobe Stock<\/p>\n<p data-component-name=\"paragraph\" class=\"styles__ParagraphStyled-sc-6adecn-0 cWrRiu  \">O estudo avaliou pesquisas sobre 36 medicamentos usados no combate \u00e0 ins\u00f4nia, considerando a qualidade do <a href=\"https:\/\/www.estadao.com.br\/tudo-sobre\/sono\/\" target=\"_blank\" rel=\"nofollow noopener\" title=\"https:\/\/www.estadao.com.br\/tudo-sobre\/sono\/\"><strong>sono<\/strong><\/a> dos participantes, os efeitos dos diferentes tratamentos, a presen\u00e7a de efeitos adversos e as consequ\u00eancias da interrup\u00e7\u00e3o da terapia. Juntos, os testes totalizavam 44 mil pessoas. <\/p>\n<p>Como o rem\u00e9dio funciona?<\/p>\n<p>Luciana Palombini, m\u00e9dica do sono e integrante da Academia Brasileira do Sono (ABS), explica que o lemborexante pertence a uma nova classe de medicamentos chamada de antagonistas da hipocretina ou orexina, um neurotransmissor envolvido na vig\u00edlia e na regula\u00e7\u00e3o do estado de alerta. No organismo, o medicamento funciona como um bloqueador, diminuindo a a\u00e7\u00e3o da hipocretina.<\/p>\n<p>Segundo Luciana, estudos iniciais sugerem que o medicamento tem <a href=\"https:\/\/www.estadao.com.br\/saude\/zolpidem-e-outras-drogas-z-por-que-e-tao-dificil-parar-de-usar\/\" target=\"_blank\" rel=\"nofollow noopener\" title=\"https:\/\/www.estadao.com.br\/saude\/zolpidem-e-outras-drogas-z-por-que-e-tao-dificil-parar-de-usar\/\"><strong>menor risco de causar depend\u00eancia<\/strong><\/a>, ao contr\u00e1rio das chamadas \u201cdrogas Z\u201d, como o zolpidem e a zopiclona, que est\u00e3o entre as mais consumidas no Brasil no tratamento da ins\u00f4nia.<\/p>\n<p data-component-name=\"paragraph\" class=\"styles__ParagraphStyled-sc-6adecn-0 cWrRiu  \">As drogas Z agem no Gaba-A, um tipo de receptor para o neurotransmissor Gaba, principal inibidor do sistema nervoso central. Elas foram desenvolvidas para uso por curtos per\u00edodos e em baixa dosagem, mas algumas pessoas passaram a tomar essas medica\u00e7\u00f5es de forma recreativa. <\/p>\n<p data-component-name=\"paragraph\" class=\"styles__ParagraphStyled-sc-6adecn-0 cWrRiu  \">\u201cAs drogas Z tamb\u00e9m atuam em receptores que ajudam a melhorar o bem-estar e o sentimento de <a href=\"https:\/\/www.estadao.com.br\/tudo-sobre\/estresse\/\" target=\"_blank\" rel=\"nofollow noopener\" title=\"https:\/\/www.estadao.com.br\/tudo-sobre\/estresse\/\"><strong>estresse<\/strong><\/a> e, por conta disso, muitas pessoas estavam usando essas medica\u00e7\u00f5es ao longo do dia e n\u00e3o de noite, para dormir. Com isso, o risco de depend\u00eancia cresce ainda mais\u201d, comenta.<\/p>\n<p data-component-name=\"paragraph\" class=\"styles__ParagraphStyled-sc-6adecn-0 cWrRiu  \">Pedro Genta, m\u00e9dico do sono e professor colaborador da Faculdade de Medicina da <a href=\"https:\/\/www.estadao.com.br\/tudo-sobre\/usp-universidade-de-sao-paulo\/\" target=\"_blank\" rel=\"nofollow noopener\" title=\"https:\/\/www.estadao.com.br\/tudo-sobre\/usp-universidade-de-sao-paulo\/\"><strong>Universidade de S\u00e3o Paulo<\/strong><\/a> (FMUSP), no entanto, lembra que, quando as drogas Z surgiram, elas tamb\u00e9m tinham a promessa de ter um baixo risco de depend\u00eancia. <\/p>\n<p data-component-name=\"paragraph\" class=\"styles__ParagraphStyled-sc-6adecn-0 cWrRiu  \">Para ele, apesar dos ind\u00edcios positivos, s\u00f3 ser\u00e1 poss\u00edvel afirmar que o lemborexante tem menor risco de depend\u00eancia daqui a alguns anos, quando o medicamento for usado de forma mais ampla.<\/p>\n<p>Quais as contraindica\u00e7\u00f5es?<\/p>\n<p data-component-name=\"paragraph\" class=\"styles__ParagraphStyled-sc-6adecn-0 cWrRiu  \">A bula informa que a dose recomendada \u00e9 de 5 mg, administrada apenas uma vez por noite, alguns minutos antes de o paciente ir para a cama. A ingest\u00e3o deve ocorrer pelo menos 7 horas antes do hor\u00e1rio previsto para despertar e, a depender da resposta cl\u00ednica e da tolerabilidade, a dose pode ser aumentadas para at\u00e9 10 mg.<\/p>\n<p data-component-name=\"paragraph\" class=\"styles__ParagraphStyled-sc-6adecn-0 cWrRiu  \">Para Genta, o uso n\u00e3o deve ser cont\u00ednuo. \u201cQuando h\u00e1 uma atividade no dia seguinte que gera certa ansiedade e pode precipitar uma noite de ins\u00f4nia mais intensa, (o paciente) pode usar a medica\u00e7\u00e3o de forma mais pontual, o que diminui o risco de depend\u00eancia.&#8221;<\/p>\n<p data-component-name=\"paragraph\" class=\"styles__ParagraphStyled-sc-6adecn-0 cWrRiu  \">As principais rea\u00e7\u00f5es adversas associadas ao uso do medicamento, com incid\u00eancia acima de 2% nos ensaios cl\u00ednicos, s\u00e3o sonol\u00eancia e fadiga. A paralisia do sono tamb\u00e9m foi identificada, mas com menor incid\u00eancia.<\/p>\n<p data-component-name=\"paragraph\" class=\"styles__ParagraphStyled-sc-6adecn-0 cWrRiu  \">O rem\u00e9dio \u00e9 contraindicado para pacientes com narcolepsia, dist\u00farbio do sono caracterizado por sonol\u00eancia excessiva durante o dia, mesmo quando a pessoa dormiu bem \u00e0 noite. Ele tamb\u00e9m n\u00e3o \u00e9 recomendado para pacientes com insufici\u00eancia hep\u00e1tica grave, crian\u00e7as e adolescentes.<\/p>\n<p>Quanto vai custar?<\/p>\n<p data-component-name=\"paragraph\" class=\"styles__ParagraphStyled-sc-6adecn-0 cWrRiu  \">Apesar de o lemborexante ter sido aprovado pela Anvisa, ele precisa ter o valor m\u00e1ximo de venda aprovado pela C\u00e2mara de Regula\u00e7\u00e3o do Mercado de Medicamentos (CMED), o que n\u00e3o ocorreu at\u00e9 o momento.<\/p>\n<p data-component-name=\"paragraph\" class=\"styles__ParagraphStyled-sc-6adecn-0 cWrRiu  \">A decis\u00e3o de quando ele ser\u00e1 comercializado \u00e9 da empresa detentora do registro, a farmac\u00eautica japonesa Eisai, que ainda n\u00e3o divulgou a data de lan\u00e7amento.<\/p>\n<p>Medicamentos n\u00e3o s\u00e3o a primeira op\u00e7\u00e3o<\/p>\n<p data-component-name=\"paragraph\" class=\"styles__ParagraphStyled-sc-6adecn-0 cWrRiu  \"><a href=\"https:\/\/www.estadao.com.br\/saude\/quando-procurar-um-medico-por-causa-do-sono\/\" target=\"_blank\" rel=\"nofollow noopener\" title=\"https:\/\/www.estadao.com.br\/saude\/quando-procurar-um-medico-por-causa-do-sono\/\"><strong>O tratamento medicamentoso n\u00e3o \u00e9 a primeira op\u00e7\u00e3o no combate \u00e0 ins\u00f4nia<\/strong><\/a>. \u201cA primeira abordagem, e isso \u00e9 um consenso internacional, \u00e9 a terapia cognitivo-comportamental para ins\u00f4nia (TCC-I)\u201d, destaca Luciana. <\/p>\n<p data-component-name=\"paragraph\" class=\"styles__ParagraphStyled-sc-6adecn-0 cWrRiu  \">\u201cQuem apresenta queixas de ins\u00f4nia geralmente tem h\u00e1bitos noturnos inadequados, como o uso excessivo de telas, ou um estilo de vida que mant\u00e9m o problema. O tratamento comportamental busca justamente identificar esses comportamentos e ajust\u00e1-los junto com a rotina da pessoa\u201d, adiciona.<\/p>\n<p data-component-name=\"paragraph\" class=\"styles__ParagraphStyled-sc-6adecn-0 cWrRiu  \">Quando o tratamento sozinho n\u00e3o traz os resultados esperados, pode ser feita a prescri\u00e7\u00e3o de medicamentos. O ideal, por\u00e9m, \u00e9 que eles sejam usados de forma tempor\u00e1ria, sempre com acompanhamento profissional e em conjunto com a TCC-I.<\/p>\n","protected":false},"excerpt":{"rendered":"A Ag\u00eancia Nacional de Vigil\u00e2ncia Sanit\u00e1ria (Anvisa) aprovou, em abril deste ano, um novo rem\u00e9dio para o tratamento&hellip;\n","protected":false},"author":2,"featured_media":75882,"comment_status":"","ping_status":"","sticky":false,"template":"","format":"standard","meta":{"footnotes":""},"categories":[86],"tags":[19839,12085,19840,19841,19500,19842,19843,17918,3615,19844,17829,180,11456,19845,19846,19847,19848,19849,116,19850,4034,19851,7366,184,17926,4036,19852,1795,19853,4040,19854,19855,19856,1112,12524,32,33,17930,1016,117,19857,14315,19630,19858,19859,19860,14319,1378,19861,19862],"class_list":{"0":"post-75881","1":"post","2":"type-post","3":"status-publish","4":"format-standard","5":"has-post-thumbnail","7":"category-saude","8":"tag-25-29-years","9":"tag-adult","10":"tag-adults-only","11":"tag-asian-ethnicity","12":"tag-bedroom","13":"tag-capsule-medicine","14":"tag-casual-clothing","15":"tag-cheerful","16":"tag-close-up","17":"tag-color-image","18":"tag-dating","19":"tag-domestic-life","20":"tag-drink","21":"tag-drinking","22":"tag-enjoyment","23":"tag-ethnicity","24":"tag-females","25":"tag-happiness","26":"tag-health","27":"tag-healthcare-and-medicine","28":"tag-healthy-lifestyle","29":"tag-home-interior","30":"tag-horizontal","31":"tag-indoors","32":"tag-leisure-activity","33":"tag-lifestyles","34":"tag-love-emotion","35":"tag-medicine","36":"tag-nutritional-supplement","37":"tag-one-person","38":"tag-one-woman-only","39":"tag-one-young-woman-only","40":"tag-only-women","41":"tag-people","42":"tag-photography","43":"tag-portugal","44":"tag-pt","45":"tag-relaxation","46":"tag-romance","47":"tag-saude","48":"tag-simple-living","49":"tag-sitting","50":"tag-smiling","51":"tag-student","52":"tag-taking-medicine","53":"tag-unrecognizable-person","54":"tag-vitamin","55":"tag-women","56":"tag-young-adult","57":"tag-young-women"},"share_on_mastodon":{"url":"","error":""},"_links":{"self":[{"href":"https:\/\/www.europesays.com\/pt\/wp-json\/wp\/v2\/posts\/75881","targetHints":{"allow":["GET"]}}],"collection":[{"href":"https:\/\/www.europesays.com\/pt\/wp-json\/wp\/v2\/posts"}],"about":[{"href":"https:\/\/www.europesays.com\/pt\/wp-json\/wp\/v2\/types\/post"}],"author":[{"embeddable":true,"href":"https:\/\/www.europesays.com\/pt\/wp-json\/wp\/v2\/users\/2"}],"replies":[{"embeddable":true,"href":"https:\/\/www.europesays.com\/pt\/wp-json\/wp\/v2\/comments?post=75881"}],"version-history":[{"count":0,"href":"https:\/\/www.europesays.com\/pt\/wp-json\/wp\/v2\/posts\/75881\/revisions"}],"wp:featuredmedia":[{"embeddable":true,"href":"https:\/\/www.europesays.com\/pt\/wp-json\/wp\/v2\/media\/75882"}],"wp:attachment":[{"href":"https:\/\/www.europesays.com\/pt\/wp-json\/wp\/v2\/media?parent=75881"}],"wp:term":[{"taxonomy":"category","embeddable":true,"href":"https:\/\/www.europesays.com\/pt\/wp-json\/wp\/v2\/categories?post=75881"},{"taxonomy":"post_tag","embeddable":true,"href":"https:\/\/www.europesays.com\/pt\/wp-json\/wp\/v2\/tags?post=75881"}],"curies":[{"name":"wp","href":"https:\/\/api.w.org\/{rel}","templated":true}]}}