{"id":75921,"date":"2025-09-18T00:54:08","date_gmt":"2025-09-18T00:54:08","guid":{"rendered":"https:\/\/www.europesays.com\/pt\/75921\/"},"modified":"2025-09-18T00:54:08","modified_gmt":"2025-09-18T00:54:08","slug":"sbt-tv-carolina-dieckmmann-celebra-47-anos-e-impressiona-com-boa-forma","status":"publish","type":"post","link":"https:\/\/www.europesays.com\/pt\/75921\/","title":{"rendered":"SBT TV | Carolina Dieckmmann celebra 47 anos e impressiona com boa forma"},"content":{"rendered":"<p><strong>Carolina Dieckmann<\/strong> celebrou seus 47 anos nesta ter\u00e7a-feira (16) com uma postagem especial nas redes sociais. A atriz apareceu em cliques feitos com c\u00e2mera anal\u00f3gica, exibindo o abd\u00f4men definido ao posar de suti\u00e3 preto e cal\u00e7a jeans.<\/p>\n<p>&#8220;47 e avante. Que a vida siga sendo esse sonho mesmo quando eu estou acordada&#8221;, escreveu a loira na legenda da publica\u00e7\u00e3o. A atriz\u00a0compartilhou uma reflex\u00e3o sobre a nova fase da vida e destacou seu olhar diante dos desafios que j\u00e1 enfrentou e dos que ainda vir\u00e3o.<\/p>\n<p class=\"related-link\"><strong><a href=\"https:\/\/www.sbt.com.br\/jornalismo\/fofocalizando\/noticia\/284735-carol-peixinho-revela-quantos-kgs-engordou-na-gravidez-ate-agora\" title=\"Carol Peixinho revela quantos kgs engordou na gravidez: &#039;At\u00e9 agora&#039;\" class=\"link_sbttv\" rel=\"nofollow noopener\" target=\"_blank\">+ Carol Peixinho revela quantos kgs engordou na gravidez: &#8220;At\u00e9 agora&#8221;<\/a><\/strong><\/p>\n<p class=\"related-link\"><strong><a href=\"https:\/\/www.sbt.com.br\/jornalismo\/fofocalizando\/noticia\/284734-virginia-vai-para-espanha-em-meio-a-boatos-de-affair-com-vini-jr\" title=\"Virginia vai para Espanha em meio a boatos de affair com Vini Jr.\" class=\"link_sbttv\" rel=\"nofollow noopener\" target=\"_blank\">+ Virginia vai para Espanha em meio a boatos de affair com Vini Jr.<\/a><\/strong><\/p>\n<p class=\"related-link\"><strong><a href=\"https:\/\/www.sbt.com.br\/jornalismo\/fofocalizando\/noticia\/284733-filho-de-simone-mendes-se-emociona-ao-saber-do-passado-pobre-da-mae\" title=\"Filho de Simone Mendes se emociona ao saber do passado pobre da m\u00e3e\" class=\"link_sbttv\" rel=\"nofollow noopener\" target=\"_blank\">+ Filho de Simone Mendes se emociona ao saber do passado pobre da m\u00e3e<\/a><\/strong><\/p>\n<p>\u00a0&#8220;Acho que mesmo quando est\u00e1 ruim, est\u00e1 bom [&#8230;] e no fundo, quero continuar assim&#8230; Toda inoc\u00eancia poss\u00edvel, entregando lealdade e gargalhadas, sinceridade com cada vez mais do\u00e7ura&#8221;, disse a artista.<\/p>\n<blockquote class=\"instagram-media\" data-instgrm-captioned=\"\" data-instgrm-permalink=\"https:\/\/www.instagram.com\/p\/DOq6f-Djly4\/?utm_source=ig_embed&amp;utm_campaign=loading\" data-instgrm-version=\"14\"><p><a href=\"https:\/\/www.instagram.com\/p\/DOq6f-Djly4\/?utm_source=ig_embed&amp;utm_campaign=loading\" target=\"_blank\" class=\"link_sbttv\" rel=\"nofollow noopener\"><\/a><a href=\"https:\/\/www.instagram.com\/p\/DOq6f-Djly4\/?utm_source=ig_embed&amp;utm_campaign=loading\" target=\"_blank\" class=\"link_sbttv\" rel=\"nofollow noopener\">Ver essa foto no Instagram<\/a><\/p>\n<p><a href=\"https:\/\/www.instagram.com\/p\/DOq6f-Djly4\/?utm_source=ig_embed&amp;utm_campaign=loading\" target=\"_blank\" class=\"link_sbttv\" rel=\"nofollow noopener\">Uma publica\u00e7\u00e3o compartilhada por carolina dieckmmann (@loracarola)<\/a><\/p>\n<\/blockquote>\n<p><script async src=\"\/\/www.instagram.com\/embed.js\"><\/script><\/p>\n","protected":false},"excerpt":{"rendered":"Carolina Dieckmann celebrou seus 47 anos nesta ter\u00e7a-feira (16) com uma postagem especial nas redes sociais. A atriz&hellip;\n","protected":false},"author":2,"featured_media":75922,"comment_status":"","ping_status":"","sticky":false,"template":"","format":"standard","meta":{"footnotes":""},"categories":[145],"tags":[996,1477,211,210,10664,114,115,972,32,33,936],"class_list":{"0":"post-75921","1":"post","2":"type-post","3":"status-publish","4":"format-standard","5":"has-post-thumbnail","7":"category-celebridades","8":"tag-aniversario","9":"tag-carolina","10":"tag-celebridades","11":"tag-celebrities","12":"tag-dieckmmann","13":"tag-entertainment","14":"tag-entretenimento","15":"tag-fofocalizando","16":"tag-portugal","17":"tag-pt","18":"tag-sbt"},"share_on_mastodon":{"url":"","error":""},"_links":{"self":[{"href":"https:\/\/www.europesays.com\/pt\/wp-json\/wp\/v2\/posts\/75921","targetHints":{"allow":["GET"]}}],"collection":[{"href":"https:\/\/www.europesays.com\/pt\/wp-json\/wp\/v2\/posts"}],"about":[{"href":"https:\/\/www.europesays.com\/pt\/wp-json\/wp\/v2\/types\/post"}],"author":[{"embeddable":true,"href":"https:\/\/www.europesays.com\/pt\/wp-json\/wp\/v2\/users\/2"}],"replies":[{"embeddable":true,"href":"https:\/\/www.europesays.com\/pt\/wp-json\/wp\/v2\/comments?post=75921"}],"version-history":[{"count":0,"href":"https:\/\/www.europesays.com\/pt\/wp-json\/wp\/v2\/posts\/75921\/revisions"}],"wp:featuredmedia":[{"embeddable":true,"href":"https:\/\/www.europesays.com\/pt\/wp-json\/wp\/v2\/media\/75922"}],"wp:attachment":[{"href":"https:\/\/www.europesays.com\/pt\/wp-json\/wp\/v2\/media?parent=75921"}],"wp:term":[{"taxonomy":"category","embeddable":true,"href":"https:\/\/www.europesays.com\/pt\/wp-json\/wp\/v2\/categories?post=75921"},{"taxonomy":"post_tag","embeddable":true,"href":"https:\/\/www.europesays.com\/pt\/wp-json\/wp\/v2\/tags?post=75921"}],"curies":[{"name":"wp","href":"https:\/\/api.w.org\/{rel}","templated":true}]}}