{"id":76666,"date":"2025-09-18T15:07:19","date_gmt":"2025-09-18T15:07:19","guid":{"rendered":"https:\/\/www.europesays.com\/pt\/76666\/"},"modified":"2025-09-18T15:07:19","modified_gmt":"2025-09-18T15:07:19","slug":"zelensky-diz-que-serao-necessarios-mais-50-mil-milhoes-de-euros-para-financiar-a-guerra-em-2026","status":"publish","type":"post","link":"https:\/\/www.europesays.com\/pt\/76666\/","title":{"rendered":"Zelensky diz que ser\u00e3o necess\u00e1rios mais 50 mil milh\u00f5es de euros para financiar a guerra em 2026"},"content":{"rendered":"<p>&#13;<br \/>\nEm declara\u00e7\u00f5es aos meios de comunica\u00e7\u00e3o, num ato que contou com a presen\u00e7a de Roberta Metsola, presidente do Parlamento Europeu, Volodymyr Zelensky estimou em 120.000 milh\u00f5es de d\u00f3lares (101.000 milh\u00f5es de euros) o custo anual da guerra, metade dos quais suportados pelo or\u00e7amento ucraniano.\u00a0&#13;\n<\/p>\n<p>&#13;<br \/>\n&#8220;Temos de encontrar outros 60 mil milh\u00f5es [de d\u00f3lares, cerca de 50.100 milh\u00f5es de euros] no pr\u00f3ximo ano&#8221;, disse.&#13;<\/p>\n","protected":false},"excerpt":{"rendered":"&#13; Em declara\u00e7\u00f5es aos meios de comunica\u00e7\u00e3o, num ato que contou com a presen\u00e7a de Roberta Metsola, presidente&hellip;\n","protected":false},"author":2,"featured_media":76667,"comment_status":"","ping_status":"","sticky":false,"template":"","format":"standard","meta":{"footnotes":""},"categories":[50],"tags":[27,28,15,16,14,25,26,21,22,62,12,13,19,20,23,24,420,421,17,18,29,30,31,63,64,65],"class_list":{"0":"post-76666","1":"post","2":"type-post","3":"status-publish","4":"format-standard","5":"has-post-thumbnail","7":"category-mundo","8":"tag-breaking-news","9":"tag-breakingnews","10":"tag-featured-news","11":"tag-featurednews","12":"tag-headlines","13":"tag-latest-news","14":"tag-latestnews","15":"tag-main-news","16":"tag-mainnews","17":"tag-mundo","18":"tag-news","19":"tag-noticias","20":"tag-noticias-principais","21":"tag-noticiasprincipais","22":"tag-principais-noticias","23":"tag-principaisnoticias","24":"tag-rtp","25":"tag-rtp-noticias","26":"tag-top-stories","27":"tag-topstories","28":"tag-ultimas","29":"tag-ultimas-noticias","30":"tag-ultimasnoticias","31":"tag-world","32":"tag-world-news","33":"tag-worldnews"},"share_on_mastodon":{"url":"","error":""},"_links":{"self":[{"href":"https:\/\/www.europesays.com\/pt\/wp-json\/wp\/v2\/posts\/76666","targetHints":{"allow":["GET"]}}],"collection":[{"href":"https:\/\/www.europesays.com\/pt\/wp-json\/wp\/v2\/posts"}],"about":[{"href":"https:\/\/www.europesays.com\/pt\/wp-json\/wp\/v2\/types\/post"}],"author":[{"embeddable":true,"href":"https:\/\/www.europesays.com\/pt\/wp-json\/wp\/v2\/users\/2"}],"replies":[{"embeddable":true,"href":"https:\/\/www.europesays.com\/pt\/wp-json\/wp\/v2\/comments?post=76666"}],"version-history":[{"count":0,"href":"https:\/\/www.europesays.com\/pt\/wp-json\/wp\/v2\/posts\/76666\/revisions"}],"wp:featuredmedia":[{"embeddable":true,"href":"https:\/\/www.europesays.com\/pt\/wp-json\/wp\/v2\/media\/76667"}],"wp:attachment":[{"href":"https:\/\/www.europesays.com\/pt\/wp-json\/wp\/v2\/media?parent=76666"}],"wp:term":[{"taxonomy":"category","embeddable":true,"href":"https:\/\/www.europesays.com\/pt\/wp-json\/wp\/v2\/categories?post=76666"},{"taxonomy":"post_tag","embeddable":true,"href":"https:\/\/www.europesays.com\/pt\/wp-json\/wp\/v2\/tags?post=76666"}],"curies":[{"name":"wp","href":"https:\/\/api.w.org\/{rel}","templated":true}]}}