{"id":76678,"date":"2025-09-18T15:20:17","date_gmt":"2025-09-18T15:20:17","guid":{"rendered":"https:\/\/www.europesays.com\/pt\/76678\/"},"modified":"2025-09-18T15:20:17","modified_gmt":"2025-09-18T15:20:17","slug":"venda-de-casa-com-isencao-de-imt-garante-beneficio-fiscal-na-compra-de-outra-perguntas-e-respostas","status":"publish","type":"post","link":"https:\/\/www.europesays.com\/pt\/76678\/","title":{"rendered":"Venda de casa com isen\u00e7\u00e3o de IMT garante benef\u00edcio fiscal na compra de outra? | Perguntas e respostas"},"content":{"rendered":"<p>A autoridade tribut\u00e1ria veio esclarecer recentemente que a venda de uma casa adquirida com isen\u00e7\u00e3o do imposto municipal sobre as transmiss\u00f5es onerosas de im\u00f3veis (IMT), antes de decorridos seis anos, n\u00e3o obriga \u00e0 devolu\u00e7\u00e3o do benef\u00edcio fiscal. Conhe\u00e7a as circunst\u00e2ncias em que se aplica a isen\u00e7\u00e3o e quando se verifica a sua caducidade (o que implica o pagamento do imposto isentado).<\/p>\n<p><strong>Quem pode beneficiar da isen\u00e7\u00e3o de IMT-Jovem?<\/strong><\/p>\n<p>A isen\u00e7\u00e3o do IMT (e do imposto de selo) destina-se a jovens at\u00e9 35 anos que comprem um im\u00f3vel (casa ou apartamento) como primeira habita\u00e7\u00e3o pr\u00f3pria e permanente (HPP). Assim, e de acordo com o fiscalista Rog\u00e9rio Fernandes, a isen\u00e7\u00e3o de IMT \u201caplica-se apenas \u00e0 primeira aquisi\u00e7\u00e3o de im\u00f3vel para habita\u00e7\u00e3o pr\u00f3pria e permanente\u201d.<\/p>\n<p><strong>Em que circunst\u00e2ncias se pode verificar a caducidade do benef\u00edcio?<\/strong><\/p>\n<p>De acordo com a regra geral &#8211; nos termos do artigo n\u00ba.11 do C\u00f3digo do IMT -, a caducidade do benef\u00edcio (que neste caso significa o pagamento do imposto isentado) ocorre se, nos seis anos seguintes \u00e0 compra, o im\u00f3vel deixar de ser destinado a habita\u00e7\u00e3o pr\u00f3pria e permanente (por lhe ter sido dado um destino diferente daquele para o qual foi atribu\u00eddo o benef\u00edcio).<\/p>\n<p><strong>H\u00e1 excep\u00e7\u00f5es \u00e0 caducidade? <\/strong><\/p>\n<p>H\u00e1. O n.\u00ba 8 do mesmo artigo n\u00ba11 prev\u00ea algumas excep\u00e7\u00f5es, nomeadamente em situa\u00e7\u00f5es de venda do im\u00f3vel, altera\u00e7\u00e3o do agregado familiar ou mudan\u00e7a do local de trabalho para mais de 100 quil\u00f3metros.<\/p>\n<p><strong>O que veio dizer a AT relativamente \u00e0 venda de uma habita\u00e7\u00e3o com isen\u00e7\u00e3o de IMT, seguida da compra de outra? <\/strong><\/p>\n<p>Questionada sobre uma situa\u00e7\u00e3o concreta apresentada por um contribuinte, a AT veio dizer, atrav\u00e9s de uma <a href=\"https:\/\/www.publico.pt\/2025\/09\/16\/economia\/noticia\/jovens-nao-devolver-imt-venderam-casa-decorridos-seis-anos-2147359\" rel=\"nofollow noopener\" target=\"_blank\">informa\u00e7\u00e3o vinculativa<\/a>, que a venda do im\u00f3vel adquirido para afecta\u00e7\u00e3o exclusiva a habita\u00e7\u00e3o pr\u00f3pria permanente, antes de decorridos seis anos a contar da data da aquisi\u00e7\u00e3o, n\u00e3o faz caducar a isen\u00e7\u00e3o de IMT. No entanto, a d\u00favida colocada \u00e0 AT \u201c\u00e9 mais abrangente, pois pretende saber se a aquisi\u00e7\u00e3o de novo im\u00f3vel a afectar a HPP, volvidos seis meses sobre a venda do im\u00f3vel adquirido com isen\u00e7\u00e3o, tem alguma relev\u00e2ncia para efeitos de manuten\u00e7\u00e3o da isen\u00e7\u00e3o\u201d. Esclarece o Fisco que, a aquisi\u00e7\u00e3o posterior, a ter lugar previsivelmente em Fevereiro de 2026, \u201cafigura-se irrelevante nesta sede, n\u00e3o determinando, por si s\u00f3, a caducidade do benef\u00edcio\u201d. No entanto, refor\u00e7a Rog\u00e9rio Fernandes, \u201cesta manuten\u00e7\u00e3o do benef\u00edcio n\u00e3o permite que o jovem volte a beneficiar de nova isen\u00e7\u00e3o numa segunda compra\u201d.<\/p>\n<p><strong>H\u00e1 limites ao valor do im\u00f3vel para beneficiar da isen\u00e7\u00e3o de IMT?<\/strong><\/p>\n<p>H\u00e1. A isen\u00e7\u00e3o de IMT aplica-se at\u00e9 324.058 euros do valor de aquisi\u00e7\u00e3o do im\u00f3vel. Este limite para a isen\u00e7\u00e3o n\u00e3o impede que o montante de aquisi\u00e7\u00e3o do im\u00f3vel possa chegar a 633.453 euros, mas, neste caso, o valor remanescente j\u00e1 n\u00e3o beneficia da isen\u00e7\u00e3o do imposto.<\/p>\n","protected":false},"excerpt":{"rendered":"A autoridade tribut\u00e1ria veio esclarecer recentemente que a venda de uma casa adquirida com isen\u00e7\u00e3o do imposto municipal&hellip;\n","protected":false},"author":2,"featured_media":76679,"comment_status":"","ping_status":"","sticky":false,"template":"","format":"standard","meta":{"footnotes":""},"categories":[83],"tags":[88,476,89,353,90,15429,456,2501,19465,352,13854,32,33],"class_list":{"0":"post-76678","1":"post","2":"type-post","3":"status-publish","4":"format-standard","5":"has-post-thumbnail","7":"category-empresas","8":"tag-business","9":"tag-economia","10":"tag-economy","11":"tag-em-destaque","12":"tag-empresas","13":"tag-fisco","14":"tag-habitacao","15":"tag-impostos","16":"tag-imt","17":"tag-local","18":"tag-perguntas-e-respostas","19":"tag-portugal","20":"tag-pt"},"share_on_mastodon":{"url":"","error":""},"_links":{"self":[{"href":"https:\/\/www.europesays.com\/pt\/wp-json\/wp\/v2\/posts\/76678","targetHints":{"allow":["GET"]}}],"collection":[{"href":"https:\/\/www.europesays.com\/pt\/wp-json\/wp\/v2\/posts"}],"about":[{"href":"https:\/\/www.europesays.com\/pt\/wp-json\/wp\/v2\/types\/post"}],"author":[{"embeddable":true,"href":"https:\/\/www.europesays.com\/pt\/wp-json\/wp\/v2\/users\/2"}],"replies":[{"embeddable":true,"href":"https:\/\/www.europesays.com\/pt\/wp-json\/wp\/v2\/comments?post=76678"}],"version-history":[{"count":0,"href":"https:\/\/www.europesays.com\/pt\/wp-json\/wp\/v2\/posts\/76678\/revisions"}],"wp:featuredmedia":[{"embeddable":true,"href":"https:\/\/www.europesays.com\/pt\/wp-json\/wp\/v2\/media\/76679"}],"wp:attachment":[{"href":"https:\/\/www.europesays.com\/pt\/wp-json\/wp\/v2\/media?parent=76678"}],"wp:term":[{"taxonomy":"category","embeddable":true,"href":"https:\/\/www.europesays.com\/pt\/wp-json\/wp\/v2\/categories?post=76678"},{"taxonomy":"post_tag","embeddable":true,"href":"https:\/\/www.europesays.com\/pt\/wp-json\/wp\/v2\/tags?post=76678"}],"curies":[{"name":"wp","href":"https:\/\/api.w.org\/{rel}","templated":true}]}}