{"id":76721,"date":"2025-09-18T15:55:10","date_gmt":"2025-09-18T15:55:10","guid":{"rendered":"https:\/\/www.europesays.com\/pt\/76721\/"},"modified":"2025-09-18T15:55:10","modified_gmt":"2025-09-18T15:55:10","slug":"estudante-do-maranhao-vence-o-3o-concurso-portinho-livre-de-literatura-2","status":"publish","type":"post","link":"https:\/\/www.europesays.com\/pt\/76721\/","title":{"rendered":"Estudante do Maranh\u00e3o vence o 3\u00ba Concurso Portinho Livre de Literatura"},"content":{"rendered":"<p>A vencedora do 3\u00ba Concurso Portinho Livre de Literatura Infantojuvenil \u00e9 uma estudante de Alto Alegre do Pindar\u00e9, munic\u00edpio do Maranh\u00e3o. Larissa Sofia Silva dos Santos, de 13 anos, conquistou o pr\u00eamio com um conto que se inicia numa Unidade B\u00e1sica de Sa\u00fade (UBS), onde o protagonista estende o bra\u00e7o para tomar vacina. Imerso na observa\u00e7\u00e3o das pessoas e dos detalhes daquele ritual, caminha pelo bairro tecendo uma reflex\u00e3o sobre o papel de cada um de n\u00f3s na constru\u00e7\u00e3o da sa\u00fade coletiva.<\/p>\n<p><img loading=\"lazy\" decoding=\"async\" src=\"https:\/\/www.europesays.com\/pt\/wp-content\/uploads\/2025\/09\/1758210910_982_portinho2_0.jpg\" data-entity-uuid=\"5be4b6e0-7422-4298-abba-45b0229f4bcf\" data-entity-type=\"file\" width=\"659\" height=\"282\"\/>\n<\/p>\n<p>Este ano, o concurso recebeu 164 textos, de alunos entre 13 e 16 anos, que responderam \u00e0 pergunta O que \u00e9 sa\u00fade coletiva para voc\u00ea?. O tema foi escolhido como homenagem aos 125 anos da Fiocruz, celebrados em maio de 2025. Al\u00e9m disso, era uma forma de estimular o debate, nas salas de aula, sobre como o direito \u00e0 sa\u00fade est\u00e1 relacionado \u00e0 cidadania, \u00e0 democracia, ao enfrentamento das desigualdades e aos outros direitos sociais, muito al\u00e9m da simples aus\u00eancia de doen\u00e7as.\u00a0<\/p>\n<p><a href=\"https:\/\/portolivre.fiocruz.br\/resultado-do-concurso-literario-portinho-livre-2025\" rel=\"nofollow noopener\" target=\"_blank\">Veja a lista completa dos 30 melhores textos.<\/a><\/p>\n<p>\u201cO tema n\u00e3o era dos mais simples, sabemos. E, por isso mesmo, ficamos surpresos com o resultado\u201d, enfatiza a coordenadora da Portinho Livre, Juliana Krapp. \u201cRecebemos \u00f3timos trabalhos. Textos muito criativos, mas que tamb\u00e9m ilustram a complexidade e os desafios da ideia de sa\u00fade p\u00fablica\u201d<\/p>\n<p><strong>Premia\u00e7\u00e3o<\/strong><\/p>\n<p>Larissa Sofia vai ganhar um cart\u00e3o-presente no valor de R$ 1 mil e o convite para viajar at\u00e9 o Rio de Janeiro, onde receber\u00e1 o pr\u00eamio, durante a abertura da Semana Nacional de Ci\u00eancia e Tecnologia (SNCT) na Fiocruz. Mas ela n\u00e3o ser\u00e1 a \u00fanica premiada. Sua professora, Vilma Soares Cunha, tamb\u00e9m receber\u00e1 R$ 1 mil e ter\u00e1 as despesas pagas para comparecer \u00e0 premia\u00e7\u00e3o. Al\u00e9m disso, os 30 melhores textos v\u00e3o integrar um livro, a ser publicado em 2026.<\/p>\n<p>\u201cEste ano, decidimos premiar tamb\u00e9m os professores, como forma de reconhecer o trabalho que fazem ao levar temas cruciais de nossa sociedade para as escolas, estimulando a criatividade e a consci\u00eancia cidad\u00e3\u201d, explica Krapp. \u201cNas tr\u00eas edi\u00e7\u00f5es do concurso, constatamos como s\u00e3o eles que incentivam a participa\u00e7\u00e3o dos estudantes, aproveitando para debater pautas como sa\u00fade p\u00fablica e meio ambiente, que foi tema da edi\u00e7\u00e3o passada\u201d.<\/p>\n<p><strong>Rio Pomba e Niter\u00f3i<\/strong><\/p>\n<p>O ranking com os tr\u00eas vencedores do concurso ainda tem representantes de Minas Gerais e do Rio de Janeiro. Pih Assis, estudante do munic\u00edpio mineiro de Rio Pomba, ficou em segundo lugar, com a hist\u00f3ria de Lily. Uma menina que nasceu na &#8220;quebrada&#8221; e decide ser professora, para ajudar a mudar a vida de seus alunos, Ensinando, inclusive, que \u201cviver com dignidade \u00e9 um direito, n\u00e3o um luxo\u201d. Isabela do Carmo Canale, de Niter\u00f3i, ficou com o terceiro lugar, pelo texto Sopa da sa\u00fade da vov\u00f3. Nele, descreve o di\u00e1logo entre uma crian\u00e7a e sua av\u00f3, que mostra os muitos ingredientes necess\u00e1rios para uma vida com sa\u00fade coletiva. Os dois tamb\u00e9m v\u00e3o ganhar cart\u00f5es presente de R$ 1 mil, assim como seus professores: Bianca Portes de Castro e Thayane Fonseca.<\/p>\n<p>O concurso Portinho Livre \u00e9 uma iniciativa do Instituto de Comunica\u00e7\u00e3o e Informa\u00e7\u00e3o Cient\u00edfica e Tecnol\u00f3gica em Sa\u00fade (Icict\/Fiocruz), com patroc\u00ednio da Funda\u00e7\u00e3o de Apoio \u00e0 Fiocruz (Fiotec). Teve sua primeira edi\u00e7\u00e3o em 2023, quando os estudantes foram convidados a escrever sobre o tema O bonde da vacina: cuidar de si para cuidar do outro. Em 2024, 160 jovens atenderam ao chamado para escrever sobre O Brasil que resiste: ideias para adiar o fim do mundo. Os vencedores das duas primeiras edi\u00e7\u00f5es foram, respectivamente, estudantes de S\u00e3o Luis e de An\u00e1polis (GO).<\/p>\n<p>A Portinho Livre \u00e9 um selo e uma plataforma de livros infantojuvenis em acesso aberto. Re\u00fane obras que usam o poder da literatura para instigar o interesse pela ci\u00eancia, pela sa\u00fade p\u00fablica e pela cidadania.<\/p>\n","protected":false},"excerpt":{"rendered":"A vencedora do 3\u00ba Concurso Portinho Livre de Literatura Infantojuvenil \u00e9 uma estudante de Alto Alegre do Pindar\u00e9,&hellip;\n","protected":false},"author":2,"featured_media":76722,"comment_status":"","ping_status":"","sticky":false,"template":"","format":"standard","meta":{"footnotes":""},"categories":[143],"tags":[20036,169,20037,114,115,170,32,33,20038],"class_list":{"0":"post-76721","1":"post","2":"type-post","3":"status-publish","4":"format-standard","5":"has-post-thumbnail","7":"category-livros","8":"tag-3o-concurso-portinho-livre-de-literatura-infantojuvenil","9":"tag-books","10":"tag-concurso-portinho-livre","11":"tag-entertainment","12":"tag-entretenimento","13":"tag-livros","14":"tag-portugal","15":"tag-pt","16":"tag-saude-coletiva"},"share_on_mastodon":{"url":"","error":""},"_links":{"self":[{"href":"https:\/\/www.europesays.com\/pt\/wp-json\/wp\/v2\/posts\/76721","targetHints":{"allow":["GET"]}}],"collection":[{"href":"https:\/\/www.europesays.com\/pt\/wp-json\/wp\/v2\/posts"}],"about":[{"href":"https:\/\/www.europesays.com\/pt\/wp-json\/wp\/v2\/types\/post"}],"author":[{"embeddable":true,"href":"https:\/\/www.europesays.com\/pt\/wp-json\/wp\/v2\/users\/2"}],"replies":[{"embeddable":true,"href":"https:\/\/www.europesays.com\/pt\/wp-json\/wp\/v2\/comments?post=76721"}],"version-history":[{"count":0,"href":"https:\/\/www.europesays.com\/pt\/wp-json\/wp\/v2\/posts\/76721\/revisions"}],"wp:featuredmedia":[{"embeddable":true,"href":"https:\/\/www.europesays.com\/pt\/wp-json\/wp\/v2\/media\/76722"}],"wp:attachment":[{"href":"https:\/\/www.europesays.com\/pt\/wp-json\/wp\/v2\/media?parent=76721"}],"wp:term":[{"taxonomy":"category","embeddable":true,"href":"https:\/\/www.europesays.com\/pt\/wp-json\/wp\/v2\/categories?post=76721"},{"taxonomy":"post_tag","embeddable":true,"href":"https:\/\/www.europesays.com\/pt\/wp-json\/wp\/v2\/tags?post=76721"}],"curies":[{"name":"wp","href":"https:\/\/api.w.org\/{rel}","templated":true}]}}