{"id":76742,"date":"2025-09-18T16:15:12","date_gmt":"2025-09-18T16:15:12","guid":{"rendered":"https:\/\/www.europesays.com\/pt\/76742\/"},"modified":"2025-09-18T16:15:12","modified_gmt":"2025-09-18T16:15:12","slug":"os-tres-vestidos-estreados-por-letizia-no-egipto-observador","status":"publish","type":"post","link":"https:\/\/www.europesays.com\/pt\/76742\/","title":{"rendered":"Os tr\u00eas vestidos estreados por Letizia no Egipto \u2013 Observador"},"content":{"rendered":"<p>A visita \u00e0s Pir\u00e2mides de Giz\u00e9 durante a visita oficial dos reis de Espanha ao Egipto foi surpresa, assim como o terceiro vestido estreado por Letizia em 24 horas. Em royal blue, a rainha fez um desvio na sua agenda, junto de Felipe VI,\u00a0do Presidente eg\u00edpcio, Abdelfatah El-Sisi, e da primeira-dama, Entissar Amer El-Sisi, para aproveitar um ponto tur\u00edstico,\u00a0surpreendendo todos com as fotografias partilhadas apenas pela Casa Real.<\/p>\n<p>Com as pir\u00e2mides como pano de fundo, Letizia surge num vestido midi, de gola redonda, mangas abalonadas e cintura marcada da marca brit\u00e2nica Joseph. A combinar, optou por uma bolsa de m\u00e3o e sapatos metalizados da Magrit, j\u00e1 utilizados em ocasi\u00f5es anteriores, assim como o anel da marca italiana Coreterno e os brincos de ouro branco e diamantes.<\/p>\n<p>        <img src=\"https:\/\/www.europesays.com\/pt\/wp-content\/uploads\/2025\/09\/550502292-18327268147228912-5028341480736875882-n-1.jpg\" alt=\"\" loading=\"lazy\" decoding=\"async\" class=\"\" onload=\"this.parentElement.classList.remove('spinner')\" onerror=\"this.parentElement.classList.remove('spinner')\" width=\"1280\" height=\"1601\"\/>    <\/p>\n<p class=\"wp-caption-text\">Os reis de Espanha junto do Presidente do Egito e da primeira-dama nas Pir\u00e2mides de Giz\u00e9<\/p>\n<p>Horas antes, a rainha de Espanha j\u00e1 tinha marcado a visita ao Cairo quando, na rece\u00e7\u00e3o oficial do Presidente eg\u00edpcio, estreou o modelo Lady White da marca espanhola The 2nd Skin Co. Surgiu assim em branco com gola quadrada e mangas compridas sobre uma base de organza de seda natural com um cinto a condizer. Completou-o com os sapatos nude da Magrit, que tem em v\u00e1rias cores, o anel da Coreterno, os brincos Luzia da Gold&amp;Roses e uma bolsa branca.<\/p>\n","protected":false},"excerpt":{"rendered":"A visita \u00e0s Pir\u00e2mides de Giz\u00e9 durante a visita oficial dos reis de Espanha ao Egipto foi surpresa,&hellip;\n","protected":false},"author":2,"featured_media":76743,"comment_status":"","ping_status":"","sticky":false,"template":"","format":"standard","meta":{"footnotes":""},"categories":[85],"tags":[6516,211,114,115,640,445,186,1079,62,32,33],"class_list":{"0":"post-76742","1":"post","2":"type-post","3":"status-publish","4":"format-standard","5":"has-post-thumbnail","7":"category-entretenimento","8":"tag-casas-reais","9":"tag-celebridades","10":"tag-entertainment","11":"tag-entretenimento","12":"tag-espanha","13":"tag-europa","14":"tag-lifestyle","15":"tag-moda","16":"tag-mundo","17":"tag-portugal","18":"tag-pt"},"share_on_mastodon":{"url":"","error":""},"_links":{"self":[{"href":"https:\/\/www.europesays.com\/pt\/wp-json\/wp\/v2\/posts\/76742","targetHints":{"allow":["GET"]}}],"collection":[{"href":"https:\/\/www.europesays.com\/pt\/wp-json\/wp\/v2\/posts"}],"about":[{"href":"https:\/\/www.europesays.com\/pt\/wp-json\/wp\/v2\/types\/post"}],"author":[{"embeddable":true,"href":"https:\/\/www.europesays.com\/pt\/wp-json\/wp\/v2\/users\/2"}],"replies":[{"embeddable":true,"href":"https:\/\/www.europesays.com\/pt\/wp-json\/wp\/v2\/comments?post=76742"}],"version-history":[{"count":0,"href":"https:\/\/www.europesays.com\/pt\/wp-json\/wp\/v2\/posts\/76742\/revisions"}],"wp:featuredmedia":[{"embeddable":true,"href":"https:\/\/www.europesays.com\/pt\/wp-json\/wp\/v2\/media\/76743"}],"wp:attachment":[{"href":"https:\/\/www.europesays.com\/pt\/wp-json\/wp\/v2\/media?parent=76742"}],"wp:term":[{"taxonomy":"category","embeddable":true,"href":"https:\/\/www.europesays.com\/pt\/wp-json\/wp\/v2\/categories?post=76742"},{"taxonomy":"post_tag","embeddable":true,"href":"https:\/\/www.europesays.com\/pt\/wp-json\/wp\/v2\/tags?post=76742"}],"curies":[{"name":"wp","href":"https:\/\/api.w.org\/{rel}","templated":true}]}}