{"id":76968,"date":"2025-09-18T19:19:08","date_gmt":"2025-09-18T19:19:08","guid":{"rendered":"https:\/\/www.europesays.com\/pt\/76968\/"},"modified":"2025-09-18T19:19:08","modified_gmt":"2025-09-18T19:19:08","slug":"museu-transfere-lancamento-do-novo-livro-para-suas-dependencias","status":"publish","type":"post","link":"https:\/\/www.europesays.com\/pt\/76968\/","title":{"rendered":"Museu transfere lan\u00e7amento do novo livro para suas depend\u00eancias"},"content":{"rendered":"<p>&#13;<br \/>\n                        <b>Avelino Israel<\/b><br \/>&#13;<br \/>\n                Funda\u00e7\u00e3o Cultural Cassiano Ricardo&#13;\n            <\/p>\n<p style=\"margin: 0cm; margin-bottom: .0001pt; text-align: justify;\">Com o <a href=\"https:\/\/www.sjc.sp.gov.br\/noticias\/2025\/setembro\/17\/flim-sera-realizada-em-uma-nova-data\/\" rel=\"nofollow noopener\" target=\"_blank\">adiamento da Flim<\/a> (Festa Literomusical de S\u00e3o Jos\u00e9 dos Campos), o Museu do Folclore de S\u00e3o Jos\u00e9 dos Campos transferiu para as suas depend\u00eancias o lan\u00e7amento do livro Vozes do Sert\u00e3o: A po\u00e9tica nas ladainhas da Capoeira Angola (31\u00ba volume da Cole\u00e7\u00e3o Cadernos de Folclore). <\/p>\n<p style=\"margin: 0cm; margin-bottom: .0001pt; text-align: justify;\">\u00a0<\/p>\n<p style=\"margin: 0cm; margin-bottom: .0001pt; text-align: justify;\">O evento ocorrer\u00e1 neste s\u00e1bado (20), \u00e0s 15h, na \u00e1rea externa do museu, e contar\u00e1 com a presen\u00e7a da escritora, atriz e pedagoga Shiva Carolina. <\/p>\n<p style=\"margin: 0cm; margin-bottom: .0001pt; text-align: justify;\">\u00a0<\/p>\n<p style=\"margin: 0cm; margin-bottom: .0001pt; text-align: justify;\">O lan\u00e7amento aconteceria no Parque Vicentina Aranha, neste final de semana, durante a 11\u00aa edi\u00e7\u00e3o da Flim, mas o evento foi adiado por decis\u00e3o da AFAC (Associa\u00e7\u00e3o para o Fomento da Arte e da Cultura), Prefeitura de S\u00e3o Jos\u00e9 dos Campos e Funda\u00e7\u00e3o Cultural Cassiano Ricardo.<\/p>\n<p class=\"MsoNormal\">Import\u00e2ncia<\/p>\n<p class=\"MsoNormal\">Para a paulistana Carla Alves de Carvalho (Carla Natureza), 43 anos, autora da obra, \u00e9 incr\u00edvel poder public\u00e1-la por meio de um projeto t\u00e3o especial do Museu do Folclore. \u201cDesde pequena vivencio a Capoeira e esta publica\u00e7\u00e3o \u00e9 muito importante, pois significa um reconhecimento \u00e0 esta manifesta\u00e7\u00e3o da cultura popular\u201d.<\/p>\n<p class=\"MsoNormal\">Segundo o escritor e cr\u00edtico liter\u00e1rio Jo\u00e3o Haussa, no livro a autora chama aten\u00e7\u00e3o para a import\u00e2ncia da ladainha, que envolve a mais profunda espiritualidade na roda de Capoeira. \u201cE para cantar a ladainha, antes de mais nada, \u00e9 preciso ter autoridade e reconhecimento dos participantes da roda\u201d, enfatiza.<\/p>\n<p class=\"MsoNormal\">O livro ser\u00e1 distribu\u00eddo gratuitamente durante o lan\u00e7amento\u00a0e, posteriormente, estar\u00e1 dispon\u00edvel para retirada na Biblioteca Maria Am\u00e1lia Corr\u00eaa Giffoni, do Museu do Folclore. Al\u00e9m da obra atual, a cole\u00e7\u00e3o toda pode ser acessada digitalmente pelo <a href=\"https:\/\/www.museudofolclore.org\/cadernos-de-folclore\/\" rel=\"nofollow noopener\" target=\"_blank\">site do museu<\/a>. <\/p>\n<p class=\"MsoNormal\">Conte\u00fado<\/p>\n<p class=\"MsoNormal\">O 31\u00ba volume destaca a pr\u00e1tica da Capoeira Angola em S\u00e3o Jos\u00e9 e cont\u00e9m versos espec\u00edficos que s\u00e3o as\u00a0<a href=\"https:\/\/youtu.be\/Y1Z_bVArcAw?si=jglltJSJoU2mG5ey\" rel=\"nofollow noopener\" target=\"_blank\">ladainhas<\/a>, transmitidas pela oralidade. \u201c\u00c9 um livro enriquecedor para a Capoeira, n\u00e3o s\u00f3 para os capoeiristas, mas para todos que gostam e apreciam a nossa hist\u00f3ria e a cultura popular\u201d, enfatiza Carla Natureza.<\/p>\n<p style=\"mso-layout-grid-align: none; text-autospace: none;\" class=\"MsoNormal\">A obra escrita por Carla foi baseada na sua pesquisa de mestrado \u2013 Versos, veredas e vadia\u00e7\u00e3o: uma viagem no mundo da capoeira \u2013, onde abordou as ladainhas da Capoeira como express\u00e3o po\u00e9tica e social da oralidade viva. \u201cBusquei abordar a voz que ecoa em roda e que se expressa por meio de versos\u201d, esclarece.<\/p>\n<p class=\"MsoNormal\">Trajet\u00f3ria<\/p>\n<p style=\"mso-layout-grid-align: none; text-autospace: none;\" class=\"MsoNormal\">\u201cEmbora eu tenha nascido na capoeiragem, foi s\u00f3 na d\u00e9cada de 2000 que conheci a Capoeira Angola numa festa de 7 de setembro, quando entrei para a faculdade na Unesp (Universidade Estadual de S\u00e3o Paulo) de Assis, onde me formei em Letras e obtive o mestrado em Literatura e Vida Social\u201d, disse Carla.<\/p>\n<p style=\"mso-layout-grid-align: none; text-autospace: none;\" class=\"MsoNormal\">Carla \u00e9 Contramestra de Capoeira Angola formada pelo Mestre Claudio Costa, fundador da Escola Angoleiros do Sert\u00e3o, em Feira de Santana (BA). O grupo se ramificou em diversos n\u00facleos pelo Brasil e pelo mundo.<\/p>\n<p class=\"MsoNormal\">\u201cDesenvolvo meu trabalho com Capoeira desde 2014. O n\u00facleo que lidero atua de maneira marcante no munic\u00edpio, com rodas mensais na rua, treinos semanais, encontros anuais, projetos sociais, al\u00e9m de apresenta\u00e7\u00f5es art\u00edsticas e culturais\u201d, explica Carla Natureza.<\/p>\n<p style=\"mso-layout-grid-align: none; text-autospace: none;\" class=\"MsoNormal\"><strong style=\"mso-bidi-font-weight: normal;\">Gest\u00e3o<\/strong><\/p>\n<p style=\"mso-layout-grid-align: none; text-autospace: none;\" class=\"MsoNormal\">O Museu do Folclore \u00e9 um espa\u00e7o da Funda\u00e7\u00e3o Cultural Cassiano Ricardo, que funciona desde 1997 no Parque da Cidade. Sua gest\u00e3o \u00e9 feita pelo CECP (Centro de Estudos da Cultura Popular), organiza\u00e7\u00e3o da sociedade civil sem fins lucrativos.<\/p>\n<p style=\"background: #FDFDFD;\" class=\"MsoNormal\">\u00a0<\/p>\n<p><strong style=\"mso-bidi-font-weight: normal;\">Museu do Folclore de SJC<\/strong><\/p>\n<p>&#13;<br \/>\n                    <strong>MAIS NOT\u00cdCIAS<\/strong><br \/>&#13;<br \/>\n                    <a href=\"https:\/\/www.sjc.sp.gov.br\/noticias\/?tema=16\" rel=\"nofollow noopener\" target=\"_blank\">Funda\u00e7\u00e3o Cultural Cassiano Ricardo<\/a>&#13;\n                <\/p>\n","protected":false},"excerpt":{"rendered":"&#13; Avelino Israel&#13; Funda\u00e7\u00e3o Cultural Cassiano Ricardo&#13; Com o adiamento da Flim (Festa Literomusical de S\u00e3o Jos\u00e9 dos&hellip;\n","protected":false},"author":2,"featured_media":64681,"comment_status":"","ping_status":"","sticky":false,"template":"","format":"standard","meta":{"footnotes":""},"categories":[143],"tags":[169,1300,114,115,170,3048,32,3046,33,3049,3047],"class_list":{"0":"post-76968","1":"post","2":"type-post","3":"status-publish","4":"format-standard","5":"has-post-thumbnail","7":"category-livros","8":"tag-books","9":"tag-cidade","10":"tag-entertainment","11":"tag-entretenimento","12":"tag-livros","13":"tag-online","14":"tag-portugal","15":"tag-prefeitura","16":"tag-pt","17":"tag-so-jos-dos-campos","18":"tag-servios"},"share_on_mastodon":{"url":"","error":""},"_links":{"self":[{"href":"https:\/\/www.europesays.com\/pt\/wp-json\/wp\/v2\/posts\/76968","targetHints":{"allow":["GET"]}}],"collection":[{"href":"https:\/\/www.europesays.com\/pt\/wp-json\/wp\/v2\/posts"}],"about":[{"href":"https:\/\/www.europesays.com\/pt\/wp-json\/wp\/v2\/types\/post"}],"author":[{"embeddable":true,"href":"https:\/\/www.europesays.com\/pt\/wp-json\/wp\/v2\/users\/2"}],"replies":[{"embeddable":true,"href":"https:\/\/www.europesays.com\/pt\/wp-json\/wp\/v2\/comments?post=76968"}],"version-history":[{"count":0,"href":"https:\/\/www.europesays.com\/pt\/wp-json\/wp\/v2\/posts\/76968\/revisions"}],"wp:featuredmedia":[{"embeddable":true,"href":"https:\/\/www.europesays.com\/pt\/wp-json\/wp\/v2\/media\/64681"}],"wp:attachment":[{"href":"https:\/\/www.europesays.com\/pt\/wp-json\/wp\/v2\/media?parent=76968"}],"wp:term":[{"taxonomy":"category","embeddable":true,"href":"https:\/\/www.europesays.com\/pt\/wp-json\/wp\/v2\/categories?post=76968"},{"taxonomy":"post_tag","embeddable":true,"href":"https:\/\/www.europesays.com\/pt\/wp-json\/wp\/v2\/tags?post=76968"}],"curies":[{"name":"wp","href":"https:\/\/api.w.org\/{rel}","templated":true}]}}