{"id":7711,"date":"2025-07-29T22:52:10","date_gmt":"2025-07-29T22:52:10","guid":{"rendered":"https:\/\/www.europesays.com\/pt\/7711\/"},"modified":"2025-07-29T22:52:10","modified_gmt":"2025-07-29T22:52:10","slug":"aos-berros-catarina-miranda-reage-a-aviao-veja-as-reacoes-da-casa-big-brother","status":"publish","type":"post","link":"https:\/\/www.europesays.com\/pt\/7711\/","title":{"rendered":"Aos berros, Catarina Miranda reage a avi\u00e3o. Veja as rea\u00e7\u00f5es da casa &#8211; Big Brother"},"content":{"rendered":"<p>No c\u00e9us do<strong>\u00a0Big Brother Ver\u00e3o, sobrevoou um avi\u00e3o que deixou Catarina Miranda em \u00eaxtase. \u00abFor\u00e7a CM, rumo \u00e0 final\u00bb<\/strong>, dizia.\u00a0<\/p>\n<p>No <strong>Especial do Big Brother Ver\u00e3o,<\/strong> fic\u00e1mos a conhecer o leque de nomeados desta semana. J\u00e9ssica Vieira salvou um deles da &#8216;chapa&#8217; e esta semana h\u00e1 cinco concorrentes em risco<strong>. Depois do Especial do Big Brother Ver\u00e3o, Afonso Leit\u00e3o e Bruno de Carvalho<\/strong> entraram num intenso bate-boca, onde no meio de ofensas, trocaram amea\u00e7as.\u00a0<\/p>\n<p><strong>Vote para salvar:<\/strong><\/p>\n<p><strong>Afonso Leit\u00e3o: 761 20 20 01<br \/>Catarina Miranda: 761 20 20 05<br \/>Kina: 761 20 20 08<br \/>Daniela Santos: 761 20 20 16<br \/>Jo\u00e3o Oliveira: 761 20 20 19<\/strong><\/p>\n<p><a href=\"https:\/\/tvi.iol.pt\/bigbrother\/aominuto\" wbo-id=\"20\" rel=\"nofollow noopener\" target=\"_blank\"><strong>Acompanhe aqui tudo o que se passa na casa mais vigiada do pa\u00eds.<\/strong><\/a><\/p>\n","protected":false},"excerpt":{"rendered":"No c\u00e9us do\u00a0Big Brother Ver\u00e3o, sobrevoou um avi\u00e3o que deixou Catarina Miranda em \u00eaxtase. \u00abFor\u00e7a CM, rumo \u00e0&hellip;\n","protected":false},"author":2,"featured_media":7712,"comment_status":"","ping_status":"","sticky":false,"template":"","format":"standard","meta":{"footnotes":""},"categories":[142],"tags":[331,48,342,329,333,328,335,336,114,115,334,332,330,13,32,33,151,162,227],"class_list":{"0":"post-7711","1":"post","2":"type-post","3":"status-publish","4":"format-standard","5":"has-post-thumbnail","7":"category-tv","8":"tag-big","9":"tag-big-brother","10":"tag-catarina-miranda","11":"tag-claudio-ramos","12":"tag-comentadores","13":"tag-concorrentes","14":"tag-confrontos","15":"tag-discussoes","16":"tag-entertainment","17":"tag-entretenimento","18":"tag-exclusivos","19":"tag-expulso","20":"tag-gala","21":"tag-noticias","22":"tag-portugal","23":"tag-pt","24":"tag-tv","25":"tag-tvi","26":"tag-videos"},"share_on_mastodon":{"url":"","error":""},"_links":{"self":[{"href":"https:\/\/www.europesays.com\/pt\/wp-json\/wp\/v2\/posts\/7711","targetHints":{"allow":["GET"]}}],"collection":[{"href":"https:\/\/www.europesays.com\/pt\/wp-json\/wp\/v2\/posts"}],"about":[{"href":"https:\/\/www.europesays.com\/pt\/wp-json\/wp\/v2\/types\/post"}],"author":[{"embeddable":true,"href":"https:\/\/www.europesays.com\/pt\/wp-json\/wp\/v2\/users\/2"}],"replies":[{"embeddable":true,"href":"https:\/\/www.europesays.com\/pt\/wp-json\/wp\/v2\/comments?post=7711"}],"version-history":[{"count":0,"href":"https:\/\/www.europesays.com\/pt\/wp-json\/wp\/v2\/posts\/7711\/revisions"}],"wp:featuredmedia":[{"embeddable":true,"href":"https:\/\/www.europesays.com\/pt\/wp-json\/wp\/v2\/media\/7712"}],"wp:attachment":[{"href":"https:\/\/www.europesays.com\/pt\/wp-json\/wp\/v2\/media?parent=7711"}],"wp:term":[{"taxonomy":"category","embeddable":true,"href":"https:\/\/www.europesays.com\/pt\/wp-json\/wp\/v2\/categories?post=7711"},{"taxonomy":"post_tag","embeddable":true,"href":"https:\/\/www.europesays.com\/pt\/wp-json\/wp\/v2\/tags?post=7711"}],"curies":[{"name":"wp","href":"https:\/\/api.w.org\/{rel}","templated":true}]}}