{"id":77110,"date":"2025-09-18T21:05:09","date_gmt":"2025-09-18T21:05:09","guid":{"rendered":"https:\/\/www.europesays.com\/pt\/77110\/"},"modified":"2025-09-18T21:05:09","modified_gmt":"2025-09-18T21:05:09","slug":"voce-e-linda-tao-linda","status":"publish","type":"post","link":"https:\/\/www.europesays.com\/pt\/77110\/","title":{"rendered":"&#8216;Voc\u00ea \u00e9 linda, t\u00e3o linda&#8217;"},"content":{"rendered":"<p dir=\"ltr\">Um especialista em leitura labial revelou o que o presidente dos Estados Unidos, Donald Trump, disse \u00e0 princesa de Gales,\u00a0Kate Middleton, ao desembarcar no Reino Unido, nessa quarta-feira (17\/9). Trump e\u00a0a esposa, Melania, foram recebidos nos jardins do Castelo de Windsor, em Londres, por Kate e o marido, o pr\u00edncipe William.\u00a0<\/p>\n<p dir=\"ltr\">Segundo a revista People, Trump n\u00e3o poupou elogios a Kate Middleton ao cumpriment\u00e1-la. \u201cVoc\u00ea \u00e9 linda, t\u00e3o linda\u201d, disse. Durante a caminhada pelos jardins, William colocou a m\u00e3o nas costas de Kate e de Melania, guiando as duas.\u00a0<\/p>\n<p dir=\"ltr\">De acordo com o The Sun, os dois casais conversaram amenidades no primeiro momento. Trump perguntou a William sobre os filhos do casal real. &#8220;Eles est\u00e3o bem e na escola&#8221;, disse o pr\u00edncipe, referindo-se a George, Charlotte e Louis.<\/p>\n<p dir=\"ltr\">Trump tamb\u00e9m comentou sobre a falta de contato recente com William. \u201cFaz um tempo desde que voc\u00ea conversou comigo\u201d, disse ao pr\u00edncipe. E o outro respondeu brincando para Kate: \u201cEle tem sentido falta das nossas conversinhas\u201d.\u00a0<\/p>\n<p dir=\"ltr\">&#13;\n<\/p>\n<p dir=\"ltr\">Kate\u00a0afirmou\u00a0que os dois poderiam aproveitar a visita para colocar o papo em dia.\u00a0<\/p>\n<p dir=\"ltr\">Durante encontro anterior, em Paris, Trump elogiou a apar\u00eancia do pr\u00edncipe, chamando-o de \u201cum cara bonito\u201d e afirmando que ele era \u201cmuito bonito\u201d pessoalmente. Esta \u00e9 a segunda visita oficial de Trump ao Reino Unido, sendo a primeira em 2017, quando foi recebido pela ent\u00e3o rainha Elizabeth II.\u00a0<\/p>\n<p>Por que Trump est\u00e1 no Reino Unido?<\/p>\n<ol>&#13;<\/p>\n<li dir=\"ltr\">&#13;\n<p dir=\"ltr\">Fortalecer a rela\u00e7\u00e3o bilateral: reafirmar a &#8220;rela\u00e7\u00e3o especial&#8221; entre os Estados Unidos e o Reino Unido, destacando la\u00e7os hist\u00f3ricos e culturais<\/p>\n<p>&#13;\n<\/li>\n<p>&#13;<\/p>\n<li dir=\"ltr\">&#13;\n<p dir=\"ltr\">Aprofundar colabora\u00e7\u00e3o tecnol\u00f3gica: assinar acordos significativos na \u00e1rea de ci\u00eancia e tecnologia, incluindo investimentos em intelig\u00eancia artificial, computa\u00e7\u00e3o qu\u00e2ntica e energia nuclear<\/p>\n<p>&#13;\n<\/li>\n<p>&#13;<\/p>\n<li dir=\"ltr\">&#13;\n<p dir=\"ltr\">Impulsionar investimentos econ\u00f4micos: anunciar pacotes de investimento bilion\u00e1rios de empresas americanas no Reino Unido, visando fortalecer a economia e criar empregos<\/p>\n<p>&#13;\n<\/li>\n<p>&#13;<\/p>\n<li dir=\"ltr\">&#13;\n<p dir=\"ltr\">Discutir quest\u00f5es geopol\u00edticas: dialogar sobre temas como a guerra na Ucr\u00e2nia, pol\u00edticas comerciais e seguran\u00e7a internacional com o Primeiro-Ministro brit\u00e2nico Keir Starmer<\/p>\n<p>&#13;\n<\/li>\n<p>&#13;<\/p>\n<li dir=\"ltr\">&#13;\n<p dir=\"ltr\">Participar de cerim\u00f4nias reais: engajar-se em eventos protocolares com a Fam\u00edlia Real brit\u00e2nica, incluindo recep\u00e7\u00f5es e banquetes de estado no Castelo de Windsor.<\/p>\n<p>&#13;\n<\/li>\n<p>&#13;\n<\/ol>\n<p>                            <a href=\"https:\/\/www.correiobraziliense.com.br\/autor\/maria-dulce-miranda---estado-de-minas\/page\/1\/\" rel=\"nofollow noopener\" target=\"_blank\"><\/p>\n<p>MD<\/p>\n<p><\/a>Maria Dulce Miranda &#8211; Estado de Minas  <strong class=\"entryStrongAuthor\"\/><\/p>\n","protected":false},"excerpt":{"rendered":"Um especialista em leitura labial revelou o que o presidente dos Estados Unidos, Donald Trump, disse \u00e0 princesa&hellip;\n","protected":false},"author":2,"featured_media":77111,"comment_status":"","ping_status":"","sticky":false,"template":"","format":"standard","meta":{"footnotes":""},"categories":[145],"tags":[211,210,92,114,115,235,4257,32,33,713],"class_list":{"0":"post-77110","1":"post","2":"type-post","3":"status-publish","4":"format-standard","5":"has-post-thumbnail","7":"category-celebridades","8":"tag-celebridades","9":"tag-celebrities","10":"tag-donald-trump","11":"tag-entertainment","12":"tag-entretenimento","13":"tag-estados-unidos","14":"tag-kate-middleton","15":"tag-portugal","16":"tag-pt","17":"tag-reino-unido"},"share_on_mastodon":{"url":"","error":""},"_links":{"self":[{"href":"https:\/\/www.europesays.com\/pt\/wp-json\/wp\/v2\/posts\/77110","targetHints":{"allow":["GET"]}}],"collection":[{"href":"https:\/\/www.europesays.com\/pt\/wp-json\/wp\/v2\/posts"}],"about":[{"href":"https:\/\/www.europesays.com\/pt\/wp-json\/wp\/v2\/types\/post"}],"author":[{"embeddable":true,"href":"https:\/\/www.europesays.com\/pt\/wp-json\/wp\/v2\/users\/2"}],"replies":[{"embeddable":true,"href":"https:\/\/www.europesays.com\/pt\/wp-json\/wp\/v2\/comments?post=77110"}],"version-history":[{"count":0,"href":"https:\/\/www.europesays.com\/pt\/wp-json\/wp\/v2\/posts\/77110\/revisions"}],"wp:featuredmedia":[{"embeddable":true,"href":"https:\/\/www.europesays.com\/pt\/wp-json\/wp\/v2\/media\/77111"}],"wp:attachment":[{"href":"https:\/\/www.europesays.com\/pt\/wp-json\/wp\/v2\/media?parent=77110"}],"wp:term":[{"taxonomy":"category","embeddable":true,"href":"https:\/\/www.europesays.com\/pt\/wp-json\/wp\/v2\/categories?post=77110"},{"taxonomy":"post_tag","embeddable":true,"href":"https:\/\/www.europesays.com\/pt\/wp-json\/wp\/v2\/tags?post=77110"}],"curies":[{"name":"wp","href":"https:\/\/api.w.org\/{rel}","templated":true}]}}