{"id":77114,"date":"2025-09-18T21:09:13","date_gmt":"2025-09-18T21:09:13","guid":{"rendered":"https:\/\/www.europesays.com\/pt\/77114\/"},"modified":"2025-09-18T21:09:13","modified_gmt":"2025-09-18T21:09:13","slug":"ozzy-osbourne-falou-sobre-a-morte-em-tom-de-despedida-ao-refletir-sobre-ultimo-show-revela-novo-documentario-tive-uma-otima-vida-globo","status":"publish","type":"post","link":"https:\/\/www.europesays.com\/pt\/77114\/","title":{"rendered":"Ozzy Osbourne falou sobre a morte em tom de despedida ao refletir sobre \u00faltimo show, revela novo document\u00e1rio: &#039;Tive uma \u00f3tima vida&#039; &#8211; Globo"},"content":{"rendered":"<ol>\n<li><a href=\"https:\/\/news.google.com\/rss\/articles\/CBMikwJBVV95cUxPMkhlNkZvd0dROF9qNFhueE1tUHJRU1drYWFWWjdXUzROQThNc1VLMnNITXgwNjBITWdybld0VTBtalRQMDFNWVRRTHN1RTBONU85a0I1YmZTQV92cktuQlVfTWs0bUxrWWtTaXA0UkYxd2p4Y3NiODhDWUN1OURoMkgwVkIxNXQ1UXo1aWxTTjhLVDBxdmtVekc3WlRGaFJJclI2eUpCTFQ5akZBX2pQQ0lkdmxCcmhhM2I2U3pFT1k4UV9QLXQ4aXpOa2VRSFpHSWVaejhzZVZxNmdVNHNhN1dxYUMwQ3l4Y1ZybFE4S2JfcUNScEtwTXJqMkJXbUQ4TEwtbDhFU1BpVVZHd0tIakR4TdIBogJBVV95cUxNQTM2LW05NkpBaHJLZ0JvZ0FDNzlXM2tQU055Ym1oaVJ3RzlqQTVKMkVIUFV2NVNQdHZhZDRpdUZtdWtLQ2lRR3ZYR3dHNUhNS3ppemEyT2w2NHl6aXZZRnJLWlpLWDRfdjZKWlpoR0tZZUlVbGRXbXZKMEpSMzlzT3FsSFhQcDdQdUZOSjl4dWQ5WGI2bEFPQ3NiWUZtQUxWcmFaOGp0MTJxbjNqYmtEWDRHdU1LSktiMHFQbFdQLThZclZhTmVYWFJMUlpwbTdFMDVwY3U3SnRtZWZ4MU9wYndjc3hoQm1SRWpQQ2FEdVRxVUY5OFpYa1ZKR2xPUUF2TV8tR3c0Tk9fOHl2Tkd0VklRYzFtcDlLN3dpWm9waHU0Zw?oc=5\" target=\"_blank\" rel=\"nofollow noopener\">Ozzy Osbourne falou sobre a morte em tom de despedida ao refletir sobre \u00faltimo show, revela novo document\u00e1rio: &#8216;Tive uma \u00f3tima vida&#8217;<\/a>&nbsp;&nbsp;Globo<\/li>\n<li><a href=\"https:\/\/news.google.com\/rss\/articles\/CBMiwgFBVV95cUxNNlBkbDFKdlBSMy1xa3FtSXZPM2lHa3dPNXF0b2JkWVhkRXdkWG5keHd5NC1iZDU2ZkNjWU9TZXdIX3Q1SHdOLVBiZGxqYVBuTHlXTldCMk1YUzhjWGMwM19TUG9sQnRLUEJkUHFQQjYyemYxeHcxTW41SjR4WlJMRmc2b2NKdjVHX3FvNXBUY0NJd3ZaSmZ5NWNtRkJPQ0t6U0syNVZnTW5oWE8xbXJ0TGdlcU1JZjY1eDM4b1g3MkVaZw?oc=5\" target=\"_blank\" rel=\"nofollow noopener\">Trailer revela document\u00e1rio sobre os \u00faltimos anos de vida de Ozzy Osbourne<\/a>&nbsp;&nbsp;VEJA<\/li>\n<li><a href=\"https:\/\/news.google.com\/rss\/articles\/CBMipAFBVV95cUxNZU5mZE0wMHRVSF9pWmxxSHNINmdkcnpPWjBFV3ZIUEkzYTF0QVpHck5JMjRtS1lYZTdDcFpVa0dYd25sWnZPU2QxcDlsLUxxbHVXUVg3NllOQnFVUTNZLU5jWTNEeTF2akczdXlBczh1YjFKVzRmMTY0UGFRaUI4d3N1QTNBZ2hXRDgtS0VFTV9DakFzVUhxdmtLbTdkMHVuMDdxZQ?oc=5\" target=\"_blank\" rel=\"nofollow noopener\">A R\u00e1dio Rock &#8211; Paramount+ libera trailer do document\u00e1rio \u201cOzzy: No Escape From Now\u201d<\/a>&nbsp;&nbsp;89FM &#8211; A R\u00e1dio Rock<\/li>\n<li><a href=\"https:\/\/news.google.com\/rss\/articles\/CBMi7AFBVV95cUxNZ2MxZmFRQnJ6d2czNFk4MW1FeVZTaURDNTlscllSOUNOUHRUY0RvZi10NkJ1eE9wWFpPSG1zQUxIeGV0NXVUSEtNdG9KSTEtUnVmb09pS0I2bDV0dmNPNm5uX1dWdHBuT045OHNxV1V2MmNfeGwwOVR2T0E4QVdHRnR2dkl2bU1tRmx0bk84TXdFWE50M25jdVZPaFFEM0piZmNPQU03SWpoRFVyTGJJVkNnUG55VmZicHR2NGpKTUphUmRwcjdWNUc0TjdQOXZ4eUltc2dSWm1QWlk5eXRnOER6NFpkYnJTZGJCRA?oc=5\" target=\"_blank\" rel=\"nofollow noopener\">Veja trailer de document\u00e1rio que detalha problemas de sa\u00fade de Ozzy Osbourne<\/a>&nbsp;&nbsp;Terra<\/li>\n<li><a href=\"https:\/\/news.google.com\/rss\/articles\/CBMiswFBVV95cUxNMS1fMW9ocFlwSXl2bXV3UTVsOUZYVW1jSk9nb3U5X2E5SllXWGlNMlhLbHZqSnJjZFhEbllrRkY2UFJMdHNDbXdTTkhaMkVJZ3NUWGZZRm5jQVdjUnVXOEkwRGh5ZEZmbkl3eHNxQXFPLVc5RXhIbzlIX080T2NVYXkyNFk1SE9BdWNwMXc5cVNMMUowQ3ZRU1pzTi01R0hoTDJDT3BSZ01lQWEwOVNUQk51SQ?oc=5\" target=\"_blank\" rel=\"nofollow noopener\">Document\u00e1rio revela \u00faltimos anos de Ozzy Osbourne; Veja trailer<\/a>&nbsp;&nbsp;102.3 FM<\/li>\n<\/ol>\n","protected":false},"excerpt":{"rendered":"Ozzy Osbourne falou sobre a morte em tom de despedida ao refletir sobre \u00faltimo show, revela novo document\u00e1rio:&hellip;\n","protected":false},"author":2,"featured_media":77115,"comment_status":"","ping_status":"","sticky":false,"template":"","format":"standard","meta":{"footnotes":""},"categories":[141],"tags":[114,115,149,150,32,33],"class_list":{"0":"post-77114","1":"post","2":"type-post","3":"status-publish","4":"format-standard","5":"has-post-thumbnail","7":"category-musica","8":"tag-entertainment","9":"tag-entretenimento","10":"tag-music","11":"tag-musica","12":"tag-portugal","13":"tag-pt"},"share_on_mastodon":{"url":"","error":""},"_links":{"self":[{"href":"https:\/\/www.europesays.com\/pt\/wp-json\/wp\/v2\/posts\/77114","targetHints":{"allow":["GET"]}}],"collection":[{"href":"https:\/\/www.europesays.com\/pt\/wp-json\/wp\/v2\/posts"}],"about":[{"href":"https:\/\/www.europesays.com\/pt\/wp-json\/wp\/v2\/types\/post"}],"author":[{"embeddable":true,"href":"https:\/\/www.europesays.com\/pt\/wp-json\/wp\/v2\/users\/2"}],"replies":[{"embeddable":true,"href":"https:\/\/www.europesays.com\/pt\/wp-json\/wp\/v2\/comments?post=77114"}],"version-history":[{"count":0,"href":"https:\/\/www.europesays.com\/pt\/wp-json\/wp\/v2\/posts\/77114\/revisions"}],"wp:featuredmedia":[{"embeddable":true,"href":"https:\/\/www.europesays.com\/pt\/wp-json\/wp\/v2\/media\/77115"}],"wp:attachment":[{"href":"https:\/\/www.europesays.com\/pt\/wp-json\/wp\/v2\/media?parent=77114"}],"wp:term":[{"taxonomy":"category","embeddable":true,"href":"https:\/\/www.europesays.com\/pt\/wp-json\/wp\/v2\/categories?post=77114"},{"taxonomy":"post_tag","embeddable":true,"href":"https:\/\/www.europesays.com\/pt\/wp-json\/wp\/v2\/tags?post=77114"}],"curies":[{"name":"wp","href":"https:\/\/api.w.org\/{rel}","templated":true}]}}