{"id":77118,"date":"2025-09-18T21:17:16","date_gmt":"2025-09-18T21:17:16","guid":{"rendered":"https:\/\/www.europesays.com\/pt\/77118\/"},"modified":"2025-09-18T21:17:16","modified_gmt":"2025-09-18T21:17:16","slug":"trump-quer-recuperar-a-antiga-base-norte-americana-de-bagram","status":"publish","type":"post","link":"https:\/\/www.europesays.com\/pt\/77118\/","title":{"rendered":"Trump quer &#8220;recuperar&#8221; a antiga base norte-americana de Bagram"},"content":{"rendered":"<p>&#8220;Entreg\u00e1mo-la de gra\u00e7a. Ali\u00e1s, estamos a tentar recuper\u00e1-la. (&#8230;). Estamos a tentar recuper\u00e1-la porque eles precisam de coisas de n\u00f3s. Uma das raz\u00f5es pelas quais a queremos de volta \u00e9 o facto de estar a uma hora de onde a China fabrica as suas armas nucleares&#8221;, declarou Trump.<\/p>\n<p>O l\u00edder norte-americano, que insistiu no &#8220;interesse estrat\u00e9gico&#8221; da base, falava numa confer\u00eancia de imprensa conjunta com o primeiro-ministro brit\u00e2nico, Keir Starmer, no \u00e2mbito de uma visita de Estado ao Reino Unido, que hoje terminou.<\/p>\n<p>A base militar est\u00e1 sob controlo dos talib\u00e3s desde a retirada norte-americana do Afeganist\u00e3o, em 2021.<\/p>\n<p>O aer\u00f3dromo, entregue ent\u00e3o \u00e0s for\u00e7as armadas afeg\u00e3s, foi pe\u00e7a-chave na estrat\u00e9gia militar de Washington durante duas d\u00e9cadas de conflito, como centro dos ataques a\u00e9reos contra os talib\u00e3s.<\/p>\n<p>A mudan\u00e7a de controlo ocorreu num momento cr\u00edtico para o Afeganist\u00e3o, devido \u00e0 retirada das tropas internacionais e \u00e0 escalada dos ataques talib\u00e3s. <\/p>\n<p>Na altura, era a maior base das for\u00e7as estrangeiras no pa\u00eds asi\u00e1tico.<\/p>\n<p>Leia Tamb\u00e9m: <a href=\"https:\/\/www.noticiasaominuto.com\/mundo\/2855781\/trump-afasta-censura-da-suspensao-do-apresentador-jimmy-kimmel\" target=\"_blank\" rel=\"noreferrer noopener nofollow\">Trump afasta censura da suspens\u00e3o do apresentador Jimmy Kimmel<\/a><\/p>\n","protected":false},"excerpt":{"rendered":"&#8220;Entreg\u00e1mo-la de gra\u00e7a. Ali\u00e1s, estamos a tentar recuper\u00e1-la. (&#8230;). Estamos a tentar recuper\u00e1-la porque eles precisam de coisas&hellip;\n","protected":false},"author":2,"featured_media":77119,"comment_status":"","ping_status":"","sticky":false,"template":"","format":"standard","meta":{"footnotes":""},"categories":[50],"tags":[27,28,15,16,14,25,26,21,22,62,12,13,19,20,23,24,17,18,29,30,31,63,64,65],"class_list":{"0":"post-77118","1":"post","2":"type-post","3":"status-publish","4":"format-standard","5":"has-post-thumbnail","7":"category-mundo","8":"tag-breaking-news","9":"tag-breakingnews","10":"tag-featured-news","11":"tag-featurednews","12":"tag-headlines","13":"tag-latest-news","14":"tag-latestnews","15":"tag-main-news","16":"tag-mainnews","17":"tag-mundo","18":"tag-news","19":"tag-noticias","20":"tag-noticias-principais","21":"tag-noticiasprincipais","22":"tag-principais-noticias","23":"tag-principaisnoticias","24":"tag-top-stories","25":"tag-topstories","26":"tag-ultimas","27":"tag-ultimas-noticias","28":"tag-ultimasnoticias","29":"tag-world","30":"tag-world-news","31":"tag-worldnews"},"share_on_mastodon":{"url":"","error":""},"_links":{"self":[{"href":"https:\/\/www.europesays.com\/pt\/wp-json\/wp\/v2\/posts\/77118","targetHints":{"allow":["GET"]}}],"collection":[{"href":"https:\/\/www.europesays.com\/pt\/wp-json\/wp\/v2\/posts"}],"about":[{"href":"https:\/\/www.europesays.com\/pt\/wp-json\/wp\/v2\/types\/post"}],"author":[{"embeddable":true,"href":"https:\/\/www.europesays.com\/pt\/wp-json\/wp\/v2\/users\/2"}],"replies":[{"embeddable":true,"href":"https:\/\/www.europesays.com\/pt\/wp-json\/wp\/v2\/comments?post=77118"}],"version-history":[{"count":0,"href":"https:\/\/www.europesays.com\/pt\/wp-json\/wp\/v2\/posts\/77118\/revisions"}],"wp:featuredmedia":[{"embeddable":true,"href":"https:\/\/www.europesays.com\/pt\/wp-json\/wp\/v2\/media\/77119"}],"wp:attachment":[{"href":"https:\/\/www.europesays.com\/pt\/wp-json\/wp\/v2\/media?parent=77118"}],"wp:term":[{"taxonomy":"category","embeddable":true,"href":"https:\/\/www.europesays.com\/pt\/wp-json\/wp\/v2\/categories?post=77118"},{"taxonomy":"post_tag","embeddable":true,"href":"https:\/\/www.europesays.com\/pt\/wp-json\/wp\/v2\/tags?post=77118"}],"curies":[{"name":"wp","href":"https:\/\/api.w.org\/{rel}","templated":true}]}}