{"id":7721,"date":"2025-07-29T23:00:27","date_gmt":"2025-07-29T23:00:27","guid":{"rendered":"https:\/\/www.europesays.com\/pt\/7721\/"},"modified":"2025-07-29T23:00:27","modified_gmt":"2025-07-29T23:00:27","slug":"bruxelas-propoe-suspensao-parcial-de-israel-do-programa-de-investigacao-horizonte","status":"publish","type":"post","link":"https:\/\/www.europesays.com\/pt\/7721\/","title":{"rendered":"Bruxelas prop\u00f5e suspens\u00e3o parcial de Israel do programa de investiga\u00e7\u00e3o Horizonte"},"content":{"rendered":"<p>&#13;<br \/>\nEst\u00e1 a aumentar a condena\u00e7\u00e3o internacional \u00e0s hostilidades israelitas a Gaza e ao povo palestiniano.&#13;\n<\/p>\n<p>&#13;<br \/>\nDepois de o presidente norte-americano apontar o dedo ao governo de Benjamin Netanyahu, instando o primeiro-ministro israelita a fazer mais para impedir a &#8220;fome&#8221; no territ\u00f3rio, surge nesta ter\u00e7a-feira nova declara\u00e7\u00e3o de lamento face \u00e0 crise humanit\u00e1ria que se vive nos territ\u00f3rios.&#13;\n<\/p>\n<p>&#13;<br \/>\nA principal autoridade internacional em crises alimentares<b>\u00a0(IPC &#8211; Classifica\u00e7\u00e3o Integrada da Seguran\u00e7a Alimentar) deixa claro que est\u00e1 &#8220;a desenrolar-se o pior cen\u00e1rio de fome&#8221; em Gaza. <\/b><br \/>&#13;\n<\/p>\n<p>&#8220;Embora Israel tenha anunciado uma pausa humanit\u00e1ria di\u00e1ria nos combates em Gaza e tenha cumprido alguns de seus compromissos sobre o acesso a ajuda humanit\u00e1ria, a <b>situa\u00e7\u00e3o permanece &#8220;grave&#8221;<\/b> argumenta Comiss\u00e3o Europeia, em comunicado na sua p\u00e1gina oficial.<\/p>\n<p>Perante tamanha agress\u00e3o de Direitos Humanos, a <b>comiss\u00e3o relata que &#8220;90% das fam\u00edlias enfrentam grave inseguran\u00e7a h\u00eddrica e as taxas de subnutri\u00e7\u00e3o est\u00e3o a aumentar acentuadamente&#8221; com &#8220;grave escassez de medicamentos\u201d e \u201cpraticamente toda a popula\u00e7\u00e3o de Gaza encontra-se em risco de fome&#8221;.<\/b><\/p>\n<p>Os Estados-membros acreditam ter, perante estes dados, <b>base legal para a proposta de suspens\u00e3o do Acordo de Associa\u00e7\u00e3o UE-Israel.<br \/>&#13;<br \/>\n<\/b>&#13;\n<\/p>\n<p>&#13;<br \/>\nDesta forma, a Comiss\u00e3o Europeia, ao rever o Art. 2 do acordo de coopera\u00e7\u00e3o cient\u00edfica e tecnol\u00f3gica bilateral existente entre a UE e Israel, aponta para uma <b>suspens\u00e3o parcial da participa\u00e7\u00e3o de Telavive  no programa de investiga\u00e7\u00e3o cient\u00edfica Horizonte (Horizon Europe). <br \/>&#13;<br \/>\n<\/b>&#13;\n<\/p>\n<p>&#13;<br \/>\nCaso seja aprovada, &#8220;esta decis\u00e3o <b>afetar\u00e1 a participa\u00e7\u00e3o de entidades israelitas no mecanismo de Acelera\u00e7\u00e3o do Conselho Europeu de Inova\u00e7\u00e3o<\/b> (EIC Accelerator), que tem como alvo startups e pequenas empresas com inova\u00e7\u00f5es disruptivas e tecnologias emergentes que t\u00eam potenciais aplica\u00e7\u00f5es em ciberseguran\u00e7a, drones e intelig\u00eancia artificial&#8221;, explica o organismo europeu.&#13;\n<\/p>\n<p>&#13;<br \/>\nO programa Horizonte Europa promove a iniciativa de investiga\u00e7\u00e3o e inova\u00e7\u00e3o da UE, concebida para impulsionar o crescimento econ\u00f3mico, criar emprego e melhorar a vida dos cidad\u00e3os.<br \/>&#13;\n<\/p>\n<p>Israel \u00e9 um dos pa\u00edses membros mais bem-sucedidos do programa. <b>Recebe cerca de 200 milh\u00f5es de euros dos 900 milh\u00f5es de euros alocados desde 2021, com cerca de 135 milh\u00f5es de euros em subs\u00eddios e 65 milh\u00f5es de euros em investimentos em a\u00e7\u00f5es<\/b>.<\/p>\n<p>Existem 46 empresas israelitas no programa EIC, reportou a UE.&#13;<\/p>\n","protected":false},"excerpt":{"rendered":"&#13; Est\u00e1 a aumentar a condena\u00e7\u00e3o internacional \u00e0s hostilidades israelitas a Gaza e ao povo palestiniano.&#13; &#13; Depois&hellip;\n","protected":false},"author":2,"featured_media":7722,"comment_status":"","ping_status":"","sticky":false,"template":"","format":"standard","meta":{"footnotes":""},"categories":[50],"tags":[27,28,1834,15,16,532,14,3756,2172,1173,259,25,26,21,22,62,12,13,19,20,23,24,3757,17,18,1977,29,30,31,63,64,65],"class_list":{"0":"post-7721","1":"post","2":"type-post","3":"status-publish","4":"format-standard","5":"has-post-thumbnail","7":"category-mundo","8":"tag-breaking-news","9":"tag-breakingnews","10":"tag-comissao-europeia","11":"tag-featured-news","12":"tag-featurednews","13":"tag-gaza","14":"tag-headlines","15":"tag-horizon-europe","16":"tag-inovacao","17":"tag-investigacao","18":"tag-israel","19":"tag-latest-news","20":"tag-latestnews","21":"tag-main-news","22":"tag-mainnews","23":"tag-mundo","24":"tag-news","25":"tag-noticias","26":"tag-noticias-principais","27":"tag-noticiasprincipais","28":"tag-principais-noticias","29":"tag-principaisnoticias","30":"tag-suspensao","31":"tag-top-stories","32":"tag-topstories","33":"tag-ue","34":"tag-ultimas","35":"tag-ultimas-noticias","36":"tag-ultimasnoticias","37":"tag-world","38":"tag-world-news","39":"tag-worldnews"},"share_on_mastodon":{"url":"","error":""},"_links":{"self":[{"href":"https:\/\/www.europesays.com\/pt\/wp-json\/wp\/v2\/posts\/7721","targetHints":{"allow":["GET"]}}],"collection":[{"href":"https:\/\/www.europesays.com\/pt\/wp-json\/wp\/v2\/posts"}],"about":[{"href":"https:\/\/www.europesays.com\/pt\/wp-json\/wp\/v2\/types\/post"}],"author":[{"embeddable":true,"href":"https:\/\/www.europesays.com\/pt\/wp-json\/wp\/v2\/users\/2"}],"replies":[{"embeddable":true,"href":"https:\/\/www.europesays.com\/pt\/wp-json\/wp\/v2\/comments?post=7721"}],"version-history":[{"count":0,"href":"https:\/\/www.europesays.com\/pt\/wp-json\/wp\/v2\/posts\/7721\/revisions"}],"wp:featuredmedia":[{"embeddable":true,"href":"https:\/\/www.europesays.com\/pt\/wp-json\/wp\/v2\/media\/7722"}],"wp:attachment":[{"href":"https:\/\/www.europesays.com\/pt\/wp-json\/wp\/v2\/media?parent=7721"}],"wp:term":[{"taxonomy":"category","embeddable":true,"href":"https:\/\/www.europesays.com\/pt\/wp-json\/wp\/v2\/categories?post=7721"},{"taxonomy":"post_tag","embeddable":true,"href":"https:\/\/www.europesays.com\/pt\/wp-json\/wp\/v2\/tags?post=7721"}],"curies":[{"name":"wp","href":"https:\/\/api.w.org\/{rel}","templated":true}]}}