{"id":77278,"date":"2025-09-18T23:44:16","date_gmt":"2025-09-18T23:44:16","guid":{"rendered":"https:\/\/www.europesays.com\/pt\/77278\/"},"modified":"2025-09-18T23:44:16","modified_gmt":"2025-09-18T23:44:16","slug":"portugal-esta-a-salvo-e-espanha-nao-nuestros-hermanos-revelam-os-paises-mais-seguros-em-caso-de-3-a-guerra-mundial","status":"publish","type":"post","link":"https:\/\/www.europesays.com\/pt\/77278\/","title":{"rendered":"&#8220;Portugal est\u00e1 a salvo e Espanha n\u00e3o?&#8221;: &#8216;nuestros hermanos&#8217; revelam os pa\u00edses mais seguros em caso de 3.\u00aa Guerra Mundial"},"content":{"rendered":"<p><strong>Sabe-se que<\/strong> <strong>Portugal foi considerado um dos pa\u00edses mais pac\u00edficos do mundo em caso de uma eventual Terceira Guerra Mundial. O \u00cdndice Global da Paz (GPI) colocou Portugal na s\u00e9tima posi\u00e7\u00e3o do ranking, acima da vizinha Espanha, que ocupa apenas o 25.\u00ba lugar.<\/strong><\/p>\n<p>O GPI avalia 23 indicadores para medir o n\u00edvel de paz de cada na\u00e7\u00e3o, incluindo a seguran\u00e7a e prote\u00e7\u00e3o social, a extens\u00e3o dos conflitos internos e externos e o grau de militariza\u00e7\u00e3o. Segundo a mesma fonte, o relat\u00f3rio recorda que existem atualmente 56 conflitos ativos que envolvem quase 100 pa\u00edses, o n\u00famero mais elevado desde o fim da Segunda Guerra Mundial.<\/p>\n<p class=\"has-medium-font-size\"><strong>Os pa\u00edses mais bem classificados<\/strong><\/p>\n<p>No topo da lista encontra-se a Isl\u00e2ndia, seguida da Irlanda, Nova Zel\u00e2ndia, \u00c1ustria, Su\u00ed\u00e7a e Singapura. Portugal surge logo depois, no s\u00e9timo lugar, \u00e0 frente de Dinamarca, Eslov\u00e9nia e Mal\u00e1sia. A Isl\u00e2ndia mant\u00e9m esta lideran\u00e7a desde 2008, destacando-se pelo isolamento geogr\u00e1fico e pela aus\u00eancia de for\u00e7as armadas, ao mesmo tempo que garante a autossufici\u00eancia energ\u00e9tica atrav\u00e9s da energia geot\u00e9rmica.<\/p>\n<p>A Nova Zel\u00e2ndia, em terceiro lugar, combina vantagens semelhantes: localiza\u00e7\u00e3o remota, pol\u00edtica externa neutra e autossufici\u00eancia agr\u00edcola. J\u00e1 a Su\u00ed\u00e7a, em quinto, preserva a sua tradi\u00e7\u00e3o de neutralidade e mant\u00e9m uma rede de abrigos antia\u00e9reos para toda a popula\u00e7\u00e3o.<\/p>\n<p class=\"has-medium-font-size\"><strong>Portugal em destaque no contexto europeu<\/strong><\/p>\n<p>Na rede social Instagram, o perfil @the.wildproject partilhou um v\u00eddeo onde quatro espanh\u00f3is tentaram adivinhar quais os pa\u00edses mais seguros em caso de guerra. Os participantes mostraram-se surpreendidos ao saber que Portugal ocupa o s\u00e9timo lugar, enquanto Espanha aparece apenas no 25.\u00ba, sendo pa\u00edses vizinhos e com uma cultura semelhante. Um dos intervenientes questiona: \u201cem caso de Terceira Guerra Mundial, Portugal est\u00e1 a salvo e Espanha n\u00e3o?\u201d. Importa, no entanto, destacar que os dados de base para esta lista v\u00eam do GPI, um \u00edndice de paz e n\u00e3o um \u2018manual de seguran\u00e7a\u2019 em cen\u00e1rio de guerra. \u00c9 isso que explica a diferen\u00e7a de posi\u00e7\u00e3o no ranking de Portugal e Espanha.<\/p>\n<p>Explica o portal de not\u00edcias Executive Digest que os fatores mais valorizados na sele\u00e7\u00e3o dos pa\u00edses mais pac\u00edficos incluem a localiza\u00e7\u00e3o geogr\u00e1fica, a neutralidade pol\u00edtica e militar, a autossufici\u00eancia energ\u00e9tica e alimentar, a estabilidade governativa, a coes\u00e3o social e a capacidade de resposta em emerg\u00eancias civis. Conforme a mesma fonte, estas caracter\u00edsticas ajudam a compreender porque Portugal figura entre os pa\u00edses mais bem posicionados no ranking.<\/p>\n<p class=\"has-medium-font-size\"><strong>Entre a seguran\u00e7a e o risco global<\/strong><\/p>\n<p>O relat\u00f3rio sublinha que 78 pa\u00edses participaram em conflitos fora das suas fronteiras nos \u00faltimos cinco anos, enquanto outros t\u00eam evitado envolvimento direto em guerras. No extremo oposto do ranking, de acordo com a <a href=\"https:\/\/executivedigest.sapo.pt\/\" target=\"_blank\" rel=\"noreferrer noopener nofollow\">Executive Digest<\/a>, encontram-se a R\u00fassia, Ucr\u00e2nia, o Sud\u00e3o, a Rep\u00fablica Democr\u00e1tica do Congo e o I\u00e9men, considerados os territ\u00f3rios mais perigosos.<\/p>\n<p>O estudo mostra que, mesmo num cen\u00e1rio de instabilidade crescente, Portugal refor\u00e7ou a sua posi\u00e7\u00e3o neste ranking, mantendo o seu lugar no ranking rela\u00e7\u00e3o ao ano anterior. Assim sendo, o pa\u00eds assume-se como o quinto mais seguro da Europa, logo atr\u00e1s da Su\u00ed\u00e7a.<\/p>\n<p><strong>Leia tamb\u00e9m: <a href=\"https:\/\/postal.pt\/nacional\/ola-outono-adeus-verao-especialista-confirma-que-o-mau-tempo-vai-chegar-a-portugal-a-partir-deste-dia\/\" target=\"_blank\" rel=\"noreferrer noopener nofollow\">Ol\u00e1 outono, adeus ver\u00e3o? Especialista confirma que o mau tempo vai chegar a Portugal a partir deste dia<\/a><\/strong><\/p>\n","protected":false},"excerpt":{"rendered":"Sabe-se que Portugal foi considerado um dos pa\u00edses mais pac\u00edficos do mundo em caso de uma eventual Terceira&hellip;\n","protected":false},"author":2,"featured_media":77279,"comment_status":"","ping_status":"","sticky":false,"template":"","format":"standard","meta":{"footnotes":""},"categories":[50],"tags":[27,28,15,16,14,25,26,21,22,62,12,13,19,20,23,24,17,18,29,30,31,63,64,65],"class_list":{"0":"post-77278","1":"post","2":"type-post","3":"status-publish","4":"format-standard","5":"has-post-thumbnail","7":"category-mundo","8":"tag-breaking-news","9":"tag-breakingnews","10":"tag-featured-news","11":"tag-featurednews","12":"tag-headlines","13":"tag-latest-news","14":"tag-latestnews","15":"tag-main-news","16":"tag-mainnews","17":"tag-mundo","18":"tag-news","19":"tag-noticias","20":"tag-noticias-principais","21":"tag-noticiasprincipais","22":"tag-principais-noticias","23":"tag-principaisnoticias","24":"tag-top-stories","25":"tag-topstories","26":"tag-ultimas","27":"tag-ultimas-noticias","28":"tag-ultimasnoticias","29":"tag-world","30":"tag-world-news","31":"tag-worldnews"},"share_on_mastodon":{"url":"","error":""},"_links":{"self":[{"href":"https:\/\/www.europesays.com\/pt\/wp-json\/wp\/v2\/posts\/77278","targetHints":{"allow":["GET"]}}],"collection":[{"href":"https:\/\/www.europesays.com\/pt\/wp-json\/wp\/v2\/posts"}],"about":[{"href":"https:\/\/www.europesays.com\/pt\/wp-json\/wp\/v2\/types\/post"}],"author":[{"embeddable":true,"href":"https:\/\/www.europesays.com\/pt\/wp-json\/wp\/v2\/users\/2"}],"replies":[{"embeddable":true,"href":"https:\/\/www.europesays.com\/pt\/wp-json\/wp\/v2\/comments?post=77278"}],"version-history":[{"count":0,"href":"https:\/\/www.europesays.com\/pt\/wp-json\/wp\/v2\/posts\/77278\/revisions"}],"wp:featuredmedia":[{"embeddable":true,"href":"https:\/\/www.europesays.com\/pt\/wp-json\/wp\/v2\/media\/77279"}],"wp:attachment":[{"href":"https:\/\/www.europesays.com\/pt\/wp-json\/wp\/v2\/media?parent=77278"}],"wp:term":[{"taxonomy":"category","embeddable":true,"href":"https:\/\/www.europesays.com\/pt\/wp-json\/wp\/v2\/categories?post=77278"},{"taxonomy":"post_tag","embeddable":true,"href":"https:\/\/www.europesays.com\/pt\/wp-json\/wp\/v2\/tags?post=77278"}],"curies":[{"name":"wp","href":"https:\/\/api.w.org\/{rel}","templated":true}]}}