{"id":77298,"date":"2025-09-19T00:07:06","date_gmt":"2025-09-19T00:07:06","guid":{"rendered":"https:\/\/www.europesays.com\/pt\/77298\/"},"modified":"2025-09-19T00:07:06","modified_gmt":"2025-09-19T00:07:06","slug":"editora-roncarati-livro-de-rodrigo-sisnandes-sera-lancado-com-doacoes-para-a-fundacao-pao-dos-pobres","status":"publish","type":"post","link":"https:\/\/www.europesays.com\/pt\/77298\/","title":{"rendered":"Editora Roncarati &#8211; Livro de Rodrigo Sisnandes ser\u00e1 lan\u00e7ado com doa\u00e7\u00f5es para a Funda\u00e7\u00e3o P\u00e3o dos Pobres"},"content":{"rendered":"<p>\t\t\t\t\t<a href=\"https:\/\/www.editoraroncarati.com.br\/v2\/Artigos-e-Noticias\/Artigos-e-Noticias\/Livro-de-Rodrigo-Sisnandes-sera-lancado-com-doacoes-para-a-Fundacao-Pao-dos-Pobres\/Imprimir.html\" title=\"Imprimir\" onclick=\"window.open(this.href,&#039;win2&#039;,&#039;status=no,toolbar=no,scrollbars=yes,titlebar=no,menubar=no,resizable=yes,width=640,height=480,directories=no,location=no&#039;); return false;\" rel=\"nofollow noopener\" target=\"_blank\"><img decoding=\"async\" src=\"https:\/\/www.europesays.com\/pt\/wp-content\/uploads\/2025\/07\/printButton.png\" alt=\"Imprimir\" \/><\/a>\t\t\t\t<\/p>\n<p>\t\t\t\t\t<a href=\"https:\/\/www.editoraroncarati.com.br\/v2\/pdf\/Artigos-e-Noticias\/Artigos-e-Noticias\/Livro-de-Rodrigo-Sisnandes-sera-lancado-com-doacoes-para-a-Fundacao-Pao-dos-Pobres.pdf\" title=\"PDF\" onclick=\"window.open(this.href,&#039;win2&#039;,&#039;status=no,toolbar=no,scrollbars=yes,titlebar=no,menubar=no,resizable=yes,width=640,height=480,directories=no,location=no&#039;); return false;\" rel=\"nofollow noopener\" target=\"_blank\"><img decoding=\"async\" src=\"https:\/\/www.europesays.com\/pt\/wp-content\/uploads\/2025\/07\/pdf_button.png\" alt=\"PDF\" \/><\/a>\t\t\t\t<\/p>\n<p>\t<a href=\"https:\/\/www.editoraroncarati.com.br\/v2\/Artigos-e-Noticias\/Artigos-e-Noticias\/Livro-de-Rodrigo-Sisnandes-sera-lancado-com-doacoes-para-a-Fundacao-Pao-dos-Pobres.html\/javascript:history.go(-1)\" rel=\"nofollow noopener\" target=\"_blank\">Voltar<\/a><\/p>\n<p style=\"text-align: center;\"><img decoding=\"async\" src=\"https:\/\/blog.abrapp.org.br\/wp-content\/uploads\/2025\/09\/PROJ-7217-CARD-1809-Post-3-Divulgacao-do-livro.png\" alt=\"\" width=\"60%\" \/><\/p>\n<p style=\"text-align: justify;\">No pr\u00f3ximo dia 1\u00ba de outubro, Rodrigo Sisnandes Pereira, S\u00f3cio-Fundador do Instituto Brasileiro de Sa\u00fade Financeira (IBRASF), lan\u00e7ar\u00e1 na Amazon a vers\u00e3o digital de seu livro \u201cJuventude Previdente\u201d.<\/p>\n<p style=\"text-align: justify;\">Em um gesto solid\u00e1rio, 100% das vendas realizadas no dia do lan\u00e7amento ser\u00e3o destinadas \u00e0 Funda\u00e7\u00e3o P\u00e3o dos Pobres, institui\u00e7\u00e3o de Porto Alegre (RS) que atende 1.400 crian\u00e7as e jovens em situa\u00e7\u00e3o de vulnerabilidade e que foi fortemente impactada pelas enchentes do \u00faltimo ano.<\/p>\n<p style=\"text-align: justify;\">\u201cBaseado na minha disserta\u00e7\u00e3o de mestrado, Juventude Previdente \u00e9 um convite para refletirmos sobre como estamos nos preparando para o futuro\u201d, afirma Rodrigo Sisnandes em comunicado.<\/p>\n<p style=\"text-align: justify;\"><strong>Fonte: <\/strong><a href=\"https:\/\/blog.abrapp.org.br\/\" rel=\"nofollow noopener\" target=\"_blank\">Abrapp em Foco<\/a>, em 18.09.2025.<\/p>\n","protected":false},"excerpt":{"rendered":"Voltar No pr\u00f3ximo dia 1\u00ba de outubro, Rodrigo Sisnandes Pereira, S\u00f3cio-Fundador do Instituto Brasileiro de Sa\u00fade Financeira (IBRASF),&hellip;\n","protected":false},"author":2,"featured_media":108,"comment_status":"","ping_status":"","sticky":false,"template":"","format":"standard","meta":{"footnotes":""},"categories":[143],"tags":[169,133,114,115,170,32,33],"class_list":{"0":"post-77298","1":"post","2":"type-post","3":"status-publish","4":"format-standard","5":"has-post-thumbnail","7":"category-livros","8":"tag-books","9":"tag-editora-roncarati","10":"tag-entertainment","11":"tag-entretenimento","12":"tag-livros","13":"tag-portugal","14":"tag-pt"},"share_on_mastodon":{"url":"","error":""},"_links":{"self":[{"href":"https:\/\/www.europesays.com\/pt\/wp-json\/wp\/v2\/posts\/77298","targetHints":{"allow":["GET"]}}],"collection":[{"href":"https:\/\/www.europesays.com\/pt\/wp-json\/wp\/v2\/posts"}],"about":[{"href":"https:\/\/www.europesays.com\/pt\/wp-json\/wp\/v2\/types\/post"}],"author":[{"embeddable":true,"href":"https:\/\/www.europesays.com\/pt\/wp-json\/wp\/v2\/users\/2"}],"replies":[{"embeddable":true,"href":"https:\/\/www.europesays.com\/pt\/wp-json\/wp\/v2\/comments?post=77298"}],"version-history":[{"count":0,"href":"https:\/\/www.europesays.com\/pt\/wp-json\/wp\/v2\/posts\/77298\/revisions"}],"wp:featuredmedia":[{"embeddable":true,"href":"https:\/\/www.europesays.com\/pt\/wp-json\/wp\/v2\/media\/108"}],"wp:attachment":[{"href":"https:\/\/www.europesays.com\/pt\/wp-json\/wp\/v2\/media?parent=77298"}],"wp:term":[{"taxonomy":"category","embeddable":true,"href":"https:\/\/www.europesays.com\/pt\/wp-json\/wp\/v2\/categories?post=77298"},{"taxonomy":"post_tag","embeddable":true,"href":"https:\/\/www.europesays.com\/pt\/wp-json\/wp\/v2\/tags?post=77298"}],"curies":[{"name":"wp","href":"https:\/\/api.w.org\/{rel}","templated":true}]}}