{"id":77380,"date":"2025-09-19T01:43:16","date_gmt":"2025-09-19T01:43:16","guid":{"rendered":"https:\/\/www.europesays.com\/pt\/77380\/"},"modified":"2025-09-19T01:43:16","modified_gmt":"2025-09-19T01:43:16","slug":"quem-e-d4vd-cantor-associado-a-investigacao-de-assassinato-nos-estados-unidos","status":"publish","type":"post","link":"https:\/\/www.europesays.com\/pt\/77380\/","title":{"rendered":"Quem \u00e9 D4VD, cantor associado a investiga\u00e7\u00e3o de assassinato nos Estados Unidos"},"content":{"rendered":"<p>                        <img width=\"944\" height=\"531\" src=\"https:\/\/www.europesays.com\/pt\/wp-content\/uploads\/2025\/09\/O-que-se-sabe-sobre-corpo-de-adolescente-de-15-anos-achado-em-em-carro-do-cantor-D4vd-4-944x531.jpg\" class=\"attachment-custom-large size-custom-large article-featured-image\" alt=\"\" fetchpriority=\"high\" decoding=\"async\"  \/><\/p>\n<p>D4VD \u00e9 uma das atra\u00e7\u00f5es confirmadas no Lollapalooza Brasil 2026 (Foto: Redes sociais, Reprodu\u00e7\u00e3o)<\/p>\n<p>Restos mortais de uma jovem foram encontrados dentro de um carro registrado no nome do artista D4VD, no dia 8 de setembro. O carro foi encontrado em um p\u00e1tio de reboque em Hollywood. Desde ent\u00e3o, o nome dele est\u00e1 associado a uma investiga\u00e7\u00e3o nos Estados Unidos.<\/p>\n<p>Continua depois da publicidade<\/p>\n<p>Segundo a pol\u00edcia americana, ele est\u00e1 colaborando com as investiga\u00e7\u00f5es. De acordo com a emissora ABC, ele possui v\u00e1rios ve\u00edculos registrados em seu nome, que s\u00e3o utilizados por outras pessoas.<\/p>\n<p>O artista, D4VD, \u00e9 uma das atra\u00e7\u00f5es confirmadas do Lollapalooza 2026, em S\u00e3o Paulo.<\/p>\n<p>Quem \u00e9 o cantor D4VD?<\/p>\n<p>D4VD, cujo nome verdadeiro \u00e9 David Anthony Burke, tem 20 anos. Ele lan\u00e7ou seu \u00e1lbum de estreia no in\u00edcio deste ano e ficou conhecido por m\u00fasicas como Here with Me e Romantic Homicide, que viralizaram no TikTok.<\/p>\n<p>Continua depois da publicidade<\/p>\n<p>Em entrevista ao g1, em 2023, D4VD contou que cresceu em uma fam\u00edlia crist\u00e3 rigorosa e recebeu educa\u00e7\u00e3o domiciliar. At\u00e9 os 13 anos de idade, ouvia apenas m\u00fasica gospel, al\u00e9m de um pouco de m\u00fasica cl\u00e1ssica e jazz.<\/p>\n<p>As hist\u00f3rias de amor sofridas cantadas em suas m\u00fasicas s\u00e3o todas imaginadas, segundo o cantor.<\/p>\n<p>\u2014 Como estudei em casa nos \u00faltimos cinco anos, foi dif\u00edcil ter experi\u00eancias pessoais. Mas eu sou um grande leitor de livros, e vejo muitos filmes e programas de TV. Ent\u00e3o criei esses personagens \u2014 explicou ao g1 na \u00e9poca.<\/p>\n<p>Desde agosto, ele est\u00e1 em turn\u00ea com Withered, passando por v\u00e1rias cidades dos Estados Unidos. O show em Seattle, que aconteceria no dia 16 de setembro, foi cancelado ap\u00f3s a repercuss\u00e3o do caso de investiga\u00e7\u00e3o.<\/p>\n<p>Continua depois da publicidade<\/p>\n<p>1<\/p>\n<p>VoltarAvan\u00e7ar<\/p>\n<p><img loading=\"lazy\" decoding=\"async\" width=\"1200\" height=\"675\" data-id=\"7653335\" src=\"https:\/\/www.europesays.com\/pt\/wp-content\/uploads\/2025\/09\/O-que-se-sabe-sobre-corpo-de-adolescente-de-15-anos-achado-em-em-carro-do-cantor-D4vd-5.jpg\" alt=\"\" class=\"wp-image-7653335\"  \/><\/p>\n<p>Cantor tem 20 anos (Foto: Redes sociais, Reprodu\u00e7\u00e3o)<\/p>\n<p><img loading=\"lazy\" decoding=\"async\" width=\"1200\" height=\"675\" data-id=\"7653331\" src=\"https:\/\/www.europesays.com\/pt\/wp-content\/uploads\/2025\/09\/O-que-se-sabe-sobre-corpo-de-adolescente-de-15-anos-achado-em-em-carro-do-cantor-D4vd-2.jpg\" alt=\"\" class=\"wp-image-7653331\"  \/><\/p>\n<p>Ele \u00e9 uma das atra\u00e7\u00f5es do Lollapalooza Brasil (Foto: Redes sociais, Reprodu\u00e7\u00e3o)<\/p>\n<p><img loading=\"lazy\" decoding=\"async\" width=\"1200\" height=\"675\" data-id=\"7653332\" src=\"https:\/\/www.europesays.com\/pt\/wp-content\/uploads\/2025\/09\/O-que-se-sabe-sobre-corpo-de-adolescente-de-15-anos-achado-em-em-carro-do-cantor-D4vd-3.jpg\" alt=\"\" class=\"wp-image-7653332\"  \/><\/p>\n<p>Corpo estava em carro do nome do cantor (Foto: Redes sociais, Reprodu\u00e7\u00e3o)<\/p>\n<p><img loading=\"lazy\" decoding=\"async\" width=\"1200\" height=\"675\" data-id=\"7653334\" src=\"https:\/\/www.europesays.com\/pt\/wp-content\/uploads\/2025\/09\/O-que-se-sabe-sobre-corpo-de-adolescente-de-15-anos-achado-em-em-carro-do-cantor-D4vd-4.jpg\" alt=\"\" class=\"wp-image-7653334\"  \/><\/p>\n<p>Ele lan\u00e7ou o \u00e1lbum de estreia no in\u00edcio deste ano (Foto: Redes sociais, Reprodu\u00e7\u00e3o)<\/p>\n<p><img loading=\"lazy\" decoding=\"async\" width=\"1200\" height=\"675\" data-id=\"7653337\" src=\"https:\/\/www.europesays.com\/pt\/wp-content\/uploads\/2025\/09\/O-que-se-sabe-sobre-corpo-de-adolescente-de-15-anos-achado-em-em-carro-do-cantor-D4vd.jpg\" alt=\"\" class=\"wp-image-7653337\"  \/><\/p>\n<p>Pol\u00edcia diz que artista colabora com as investiga\u00e7\u00f5es (Foto: Redes sociais, Reprodu\u00e7\u00e3o)<\/p>\n<p>*Sob supervis\u00e3o de Pablo Brito<\/p>\n<p><a href=\"https:\/\/www.nsctotal.com.br\/noticias\/quem-e-jimmy-kimmel-apresentador-cancelado-por-fala-sobre-charlie-kirk\" target=\"_blank\" rel=\"noreferrer noopener nofollow\"><strong>Quem \u00e9 Jimmy Kimmel, apresentador cancelado por fala sobre Charlie Kirk<\/strong><\/a><\/p>\n<p><a href=\"https:\/\/www.nsctotal.com.br\/noticias\/corpos-amarrados-e-fogueiras-as-mumias-mais-antigas-do-mundo-encontradas-na-china\" target=\"_blank\" rel=\"noreferrer noopener nofollow\"><strong>Corpos amarrados e fogueiras: as m\u00famias mais antigas do mundo encontradas na China<\/strong><\/a><\/p>\n","protected":false},"excerpt":{"rendered":"D4VD \u00e9 uma das atra\u00e7\u00f5es confirmadas no Lollapalooza Brasil 2026 (Foto: Redes sociais, Reprodu\u00e7\u00e3o) Restos mortais de uma&hellip;\n","protected":false},"author":2,"featured_media":77381,"comment_status":"","ping_status":"","sticky":false,"template":"","format":"standard","meta":{"footnotes":""},"categories":[145],"tags":[211,210,114,115,32,33,794],"class_list":{"0":"post-77380","1":"post","2":"type-post","3":"status-publish","4":"format-standard","5":"has-post-thumbnail","7":"category-celebridades","8":"tag-celebridades","9":"tag-celebrities","10":"tag-entertainment","11":"tag-entretenimento","12":"tag-portugal","13":"tag-pt","14":"tag-voce-viu"},"share_on_mastodon":{"url":"","error":""},"_links":{"self":[{"href":"https:\/\/www.europesays.com\/pt\/wp-json\/wp\/v2\/posts\/77380","targetHints":{"allow":["GET"]}}],"collection":[{"href":"https:\/\/www.europesays.com\/pt\/wp-json\/wp\/v2\/posts"}],"about":[{"href":"https:\/\/www.europesays.com\/pt\/wp-json\/wp\/v2\/types\/post"}],"author":[{"embeddable":true,"href":"https:\/\/www.europesays.com\/pt\/wp-json\/wp\/v2\/users\/2"}],"replies":[{"embeddable":true,"href":"https:\/\/www.europesays.com\/pt\/wp-json\/wp\/v2\/comments?post=77380"}],"version-history":[{"count":0,"href":"https:\/\/www.europesays.com\/pt\/wp-json\/wp\/v2\/posts\/77380\/revisions"}],"wp:featuredmedia":[{"embeddable":true,"href":"https:\/\/www.europesays.com\/pt\/wp-json\/wp\/v2\/media\/77381"}],"wp:attachment":[{"href":"https:\/\/www.europesays.com\/pt\/wp-json\/wp\/v2\/media?parent=77380"}],"wp:term":[{"taxonomy":"category","embeddable":true,"href":"https:\/\/www.europesays.com\/pt\/wp-json\/wp\/v2\/categories?post=77380"},{"taxonomy":"post_tag","embeddable":true,"href":"https:\/\/www.europesays.com\/pt\/wp-json\/wp\/v2\/tags?post=77380"}],"curies":[{"name":"wp","href":"https:\/\/api.w.org\/{rel}","templated":true}]}}