{"id":77432,"date":"2025-09-19T02:43:08","date_gmt":"2025-09-19T02:43:08","guid":{"rendered":"https:\/\/www.europesays.com\/pt\/77432\/"},"modified":"2025-09-19T02:43:08","modified_gmt":"2025-09-19T02:43:08","slug":"o-famoso-dorama-que-suga-do-bts-nao-assistiu-ao-episodio-final","status":"publish","type":"post","link":"https:\/\/www.europesays.com\/pt\/77432\/","title":{"rendered":"O famoso dorama que Suga, do BTS, n\u00e3o assistiu ao epis\u00f3dio final"},"content":{"rendered":"<p>Ao longo de mais de uma d\u00e9cada dentro da ind\u00fastria, <a href=\"https:\/\/www.instagram.com\/agustd\/\" target=\"_blank\" rel=\"noopener nofollow\"><strong>Suga<\/strong><\/a>, do BTS, estreita a rela\u00e7\u00e3o com os f\u00e3s ao compartilhar mais que os seus trabalhos musicais como rapper e membro do grupo, j\u00e1 que, longe dos palcos, ele revela seus gostos pessoais e passatempos, os quais acabam virando indica\u00e7\u00f5es do que fazer no tempo livre para o ARMY [fandom do grupo].<\/p>\n<p>Dessa forma, quem acompanha o idol de perto sabe que ele j\u00e1 recomendou alguns <a href=\"https:\/\/recreio.com.br\/tags\/dorama\" target=\"_blank\" rel=\"noopener nofollow\">doramas<\/a>, como \u201cLegal High\u201d, por exemplo, t\u00edtulo lan\u00e7ado em 2019 que foi ao ar pela JTBC trazendo <strong>Seo Eun-soo<\/strong> como Seo Jae-In, e <strong>Jin Go<\/strong> como Go Tae-rim, advogados opostos que acabam formando uma dupla improv\u00e1vel.<\/p>\n<p>Ainda assim, h\u00e1 um dorama que entrou para a lista de programas assistidos pelo idol que acabou n\u00e3o sendo aproveitado 100% por <strong>Suga<\/strong>, j\u00e1 que ele revelou que n\u00e3o conferiu o \u00faltimo epis\u00f3dio por um motivo curioso.<\/p>\n<p> O dorama que Suga n\u00e3o viu at\u00e9 o final <\/p>\n<p>O t\u00edtulo em quest\u00e3o \u00e9 \u201cSKY Castle\u201d, um dos doramas mais populares de todos os tempos, o qual acumulou 23,779% de audi\u00eancia no final quando foi ao ar em 2019 pela JTBC, tornando-se assim o segundo drama de maior audi\u00eancia na hist\u00f3ria da televis\u00e3o por assinatura sul-coreana, vencendo ainda premia\u00e7\u00f5es como<a href=\"https:\/\/en.wikipedia.org\/wiki\/Baeksang_Arts_Awards\" target=\"_blank\" rel=\"noopener nofollow\"> Baeksang Arts Awards<\/a>, Korea Drama Awards e Mnet Asian Music Awards em diversas categorias.<\/p>\n<p>A trama acompanha um grupo de donas de casa que vivem em um luxuoso condom\u00ednio chamado SKY Castle, mostrando tudo o que os membros da elite coreana est\u00e3o dispostos a realizar para se manterem no topo ao revelar as a\u00e7\u00f5es e planos das mulheres para fazer com que seus maridos e filhos continuem a prosperar.<\/p>\n<p>\t <img loading=\"lazy\" decoding=\"async\" class=\"size-full wp-image-44479 img-fluid lazy\" alt=\"\" width=\"1280\" height=\"720\" src=\"https:\/\/www.europesays.com\/pt\/wp-content\/uploads\/2025\/08\/sky-castle-capa.jpg\"\/>Imagem promocional do k-drama \u2018SKY Castle\u2019 (2018) \u2013 Divulga\u00e7\u00e3o\/Viki <\/p>\n<p>Mas, por que <strong>Suga<\/strong> n\u00e3o viu at\u00e9 o final? Durante uma transmiss\u00e3o ao vivo em 2021 no Vlive, o idol revelou que assistiu a todos os epis\u00f3dios, exceto o \u00faltimo, e a raz\u00e3o \u00e9: <strong>RM<\/strong>\u00a0recomendou que a voz de \u201cDaechwita\u201d n\u00e3o fizesse isso.<\/p>\n<p>Na conversa <strong>Suga <\/strong>contou que\u00a0<strong>RM<\/strong> disse: \u201cN\u00e3o assista [o epis\u00f3dio final]\u201d, e ele acabou acatando o conselho. Conforme repercutido pelo portal Koreaboo, na ocasi\u00e3o, o idol acabou n\u00e3o detalhando mais sobre o motivo que fez <strong>RM<\/strong> recomendar encerrar o dorama sem conferir o desfecho da hist\u00f3ria.<\/p>\n<p>Ainda assim, os f\u00e3s podem maratonar os 10 epis\u00f3dios e tirar as pr\u00f3prias conclus\u00f5es, j\u00e1 que o drama, que traz <strong>Yeom Jeong-a<\/strong> como Han Seo-jin, <strong>Kim Hye Yoon<\/strong> como Kang Ye-seo, <strong>Yoon Se-ah<\/strong> como No Seung-hye,<strong> Oh Na-ra<\/strong> como Jin Jin-hee,<strong> Lee Tae-ran<\/strong> como Lee Soo-im, e grande elenco, est\u00e1 dispon\u00edvel para streaming para assinantes da <a href=\"https:\/\/www.netflix.com\/\" target=\"_blank\" rel=\"noopener nofollow\">Netflix<\/a>.<\/p>\n<p>        <a href=\"https:\/\/recreio.com.br\/noticias\/author\/izabela-queiroz\" rel=\"nofollow noopener\" target=\"_blank\">&#13;<br \/>\n          <img alt=\"Izabela Queiroz\" src=\"https:\/\/www.europesays.com\/pt\/wp-content\/uploads\/2025\/09\/1758249788_597_73c0b9c1056486c3f0ac887fc031213cdd608512c3b419d28e1ba5da81c3eb12\"  class=\"avatar avatar-115 photo rounded-circle mr-3\" height=\"115\" width=\"115\" loading=\"lazy\" decoding=\"async\"\/>        <\/a><\/p>\n<p>Cin\u00e9fila e jornalista, Izabela Queiroz \u00e9 formada pela UNINOVE. Gosta de escrever sobre filmes, s\u00e9ries e m\u00fasica e nunca deixa de lado a paix\u00e3o por tramas repletas de plot twists, al\u00e9m de ser viciada em sitcoms, marvete sempre que pode e crente fiel da Teoria Pixar.<\/p>\n<p>\t                                            <script async src=\"\/\/www.instagram.com\/embed.js\"><\/script><\/p>\n","protected":false},"excerpt":{"rendered":"Ao longo de mais de uma d\u00e9cada dentro da ind\u00fastria, Suga, do BTS, estreita a rela\u00e7\u00e3o com os&hellip;\n","protected":false},"author":2,"featured_media":77433,"comment_status":"","ping_status":"","sticky":false,"template":"","format":"standard","meta":{"footnotes":""},"categories":[141],"tags":[2344,2081,114,115,3091,149,150,32,33,15401,19038],"class_list":{"0":"post-77432","1":"post","2":"type-post","3":"status-publish","4":"format-standard","5":"has-post-thumbnail","7":"category-musica","8":"tag-bts","9":"tag-dorama","10":"tag-entertainment","11":"tag-entretenimento","12":"tag-k-drama","13":"tag-music","14":"tag-musica","15":"tag-portugal","16":"tag-pt","17":"tag-sky-castle","18":"tag-suga"},"share_on_mastodon":{"url":"","error":""},"_links":{"self":[{"href":"https:\/\/www.europesays.com\/pt\/wp-json\/wp\/v2\/posts\/77432","targetHints":{"allow":["GET"]}}],"collection":[{"href":"https:\/\/www.europesays.com\/pt\/wp-json\/wp\/v2\/posts"}],"about":[{"href":"https:\/\/www.europesays.com\/pt\/wp-json\/wp\/v2\/types\/post"}],"author":[{"embeddable":true,"href":"https:\/\/www.europesays.com\/pt\/wp-json\/wp\/v2\/users\/2"}],"replies":[{"embeddable":true,"href":"https:\/\/www.europesays.com\/pt\/wp-json\/wp\/v2\/comments?post=77432"}],"version-history":[{"count":0,"href":"https:\/\/www.europesays.com\/pt\/wp-json\/wp\/v2\/posts\/77432\/revisions"}],"wp:featuredmedia":[{"embeddable":true,"href":"https:\/\/www.europesays.com\/pt\/wp-json\/wp\/v2\/media\/77433"}],"wp:attachment":[{"href":"https:\/\/www.europesays.com\/pt\/wp-json\/wp\/v2\/media?parent=77432"}],"wp:term":[{"taxonomy":"category","embeddable":true,"href":"https:\/\/www.europesays.com\/pt\/wp-json\/wp\/v2\/categories?post=77432"},{"taxonomy":"post_tag","embeddable":true,"href":"https:\/\/www.europesays.com\/pt\/wp-json\/wp\/v2\/tags?post=77432"}],"curies":[{"name":"wp","href":"https:\/\/api.w.org\/{rel}","templated":true}]}}