{"id":77511,"date":"2025-09-19T04:37:14","date_gmt":"2025-09-19T04:37:14","guid":{"rendered":"https:\/\/www.europesays.com\/pt\/77511\/"},"modified":"2025-09-19T04:37:14","modified_gmt":"2025-09-19T04:37:14","slug":"no-brasil-katy-perry-deixa-mensagem-para-fa-que-convidou-ao-palco-e-curte-dia-na-praia","status":"publish","type":"post","link":"https:\/\/www.europesays.com\/pt\/77511\/","title":{"rendered":"No Brasil, Katy Perry deixa mensagem para f\u00e3 que convidou ao palco e curte dia na praia"},"content":{"rendered":"<p>Na noite desta <strong>ter\u00e7a-feira (16)<\/strong>, durante show da \u201cThe Lifetimes Tour\u201d em <strong>Curitiba, <a href=\"https:\/\/portalpopline.com.br\/curitiba-katy-perry-emociona-convidar-palco-fa-perdeu-mae-video\/\" rel=\"noopener nofollow\" target=\"_blank\">Katy Perry<\/a><\/strong> emocionou os f\u00e3s presentes e internautas ao convidar ao palco um f\u00e3 que havia perdido sua m\u00e3e h\u00e1 dez dias. Ap\u00f3s consol\u00e1-lo e dedicar m\u00fasica a ele, a cantora encontrou o rapaz, <strong>Christian Mewes<\/strong>, no Instagram, e deixou um coment\u00e1rio emotivo no \u00faltimo post dele. \u201cO amor da sua m\u00e3e \u00e9 poderoso. Nunca duvide disso. Ela est\u00e1 com voc\u00ea o tempo todo. Eu te amo\u201d, escreveu <a href=\"https:\/\/portalpopline.com.br\/katy-perry\/\" rel=\"noopener nofollow\" target=\"_blank\"><strong>Katy<\/strong><\/a>.<\/p>\n<p>LEIA MAIS:<\/p>\n<p><img loading=\"lazy\" decoding=\"async\" aria-describedby=\"caption-attachment-997472\" src=\"https:\/\/www.europesays.com\/pt\/wp-content\/uploads\/2025\/09\/katy-perry-the-town.jpg\" alt=\"Katy Perry encerra 2\u00aa edi\u00e7\u00e3o do The Town: veja destaques do \u00faltimo dia\" width=\"1200\" height=\"782\" class=\"size-full wp-image-997472\"  \/><\/p>\n<p id=\"caption-attachment-997472\" class=\"wp-caption-text\">(Foto: Lucas Ramos \/ Brazil News)<\/p>\n<p>Na ocasi\u00e3o, um cartaz em meio \u00e0 plateia chamou aten\u00e7\u00e3o da cantora. \u201cMinha m\u00e3e faleceu dez dias atr\u00e1s. Voc\u00ea poderia cantar \u2018Only Love\u2019?\u201d, dizia o papel cor-de-rosa. <strong>Katy<\/strong>, ent\u00e3o, chamou o f\u00e3, <strong>Cristian<\/strong>, ao palco, deu nele um longo abra\u00e7o e perguntou o nome da m\u00e3e do rapaz.<\/p>\n<p>\u201cN\u00f3s amamos sua m\u00e3e! E ela ama voc\u00ea. Uma m\u00e3e sempre ama o seu filho independente do que for\u201d, disse a cantora ao rapaz antes de dedicar \u201cOnly Love\u201d, do disco \u201cSmile\u201d (2020), a ele e \u00e0 m\u00e3e dele. Curiosamente, essa seria mesmo a m\u00fasica-surpresa que a artista apresentaria no show, j\u00e1 que alguns f\u00e3s a ouviram ensaiando a faixa mais cedo.<\/p>\n<p>Depois de confortar o f\u00e3, <strong>Katy<\/strong> ainda se emocionou ao apresentar as m\u00fasicas \u201cNever Really Over\u201d e \u201cALL THE LOVE\u201d, essa \u00faltima parte de seu mais recente \u00e1lbum, o \u201c143\u201d (2024).<\/p>\n<blockquote class=\"instagram-media\" data-instgrm-captioned=\"\" data-instgrm-permalink=\"https:\/\/www.instagram.com\/reel\/DOr7FRZDESA\/?utm_source=ig_embed&amp;utm_campaign=loading\" data-instgrm-version=\"14\" style=\" background:#FFF; border:0; border-radius:3px; box-shadow:0 0 1px 0 rgba(0,0,0,0.5),0 1px 10px 0 rgba(0,0,0,0.15); margin: 1px; max-width:740px; min-width:326px; padding:0; width:99.375%; width:-webkit-calc(100% - 2px); width:calc(100% - 2px);\">\n<\/blockquote>\n<blockquote>\n<p>\u201cO AMOR viveu para sempre e sua m\u00e3e te ama tanto que ela mandou aquela mensagem direto para voc\u00ea, voc\u00ea n\u00e3o tem ideia\u2026 \u2018Only Love\u2019 nunca recebeu tantos votos em nenhum dos outros shows, NUNCA ficou em primeiro lugar. O amor da sua m\u00e3e \u00e9 poderoso. Nunca duvide disso. Ela est\u00e1 com voc\u00ea o tempo todo. Eu te amo\u201d, escreveu Katy no Instagram do f\u00e3.<\/p>\n<\/blockquote>\n<blockquote class=\"twitter-tweet\">\n<p lang=\"pt\" dir=\"ltr\">ELA \u00c9 A MAIS PRECISA DO MUNDO  <a href=\"https:\/\/t.co\/qucLbPdc0V\" rel=\"nofollow\">pic.twitter.com\/qucLbPdc0V<\/a><\/p>\n<p>\u2014 luana (@katythrone) <a href=\"https:\/\/twitter.com\/katythrone\/status\/1968347973265621060?ref_src=twsrc%5Etfw\" rel=\"nofollow noopener\" target=\"_blank\">September 17, 2025<\/a><\/p>\n<\/blockquote>\n<p>Ap\u00f3s a apresenta\u00e7\u00e3o, a voz de \u201cWide Awake\u201d teria supostamente passado o dia, nesta quarta-feira (17), em uma praia em Santa Catarina. O pr\u00f3ximo e \u00faltimo show da \u201cThe Lifetimes Tour\u201d em solos brasileiros acontece nesta sexta (19), em Bras\u00edlia.<\/p>\n<blockquote class=\"twitter-tweet\">\n<p lang=\"pt\" dir=\"ltr\">Mam\u00e3e turistando as riquezas de Santa Catarina, Florian\u00f3polis. \u2764\ufe0f <a href=\"https:\/\/t.co\/GSIGhTJqmp\" rel=\"nofollow\">pic.twitter.com\/GSIGhTJqmp<\/a><\/p>\n<p>\u2014 Katy Perry Daily Brasil (@katydailybrasil) <a href=\"https:\/\/twitter.com\/katydailybrasil\/status\/1968445444863783279?ref_src=twsrc%5Etfw\" rel=\"nofollow noopener\" target=\"_blank\">September 17, 2025<\/a><\/p>\n<\/blockquote>\n<p><script async src=\"https:\/\/platform.twitter.com\/widgets.js\" charset=\"utf-8\"><\/script><script async src=\"\/\/www.instagram.com\/embed.js\"><\/script><\/p>\n","protected":false},"excerpt":{"rendered":"Na noite desta ter\u00e7a-feira (16), durante show da \u201cThe Lifetimes Tour\u201d em Curitiba, Katy Perry emocionou os f\u00e3s&hellip;\n","protected":false},"author":2,"featured_media":77512,"comment_status":"","ping_status":"","sticky":false,"template":"","format":"standard","meta":{"footnotes":""},"categories":[141],"tags":[726,3439,20151,5286,114,115,8359,20152,20153,1015,568,8204,20154,149,150,20155,571,32,80,33,3801,574],"class_list":{"0":"post-77511","1":"post","2":"type-post","3":"status-publish","4":"format-standard","5":"has-post-thumbnail","7":"category-musica","8":"tag-brasil","9":"tag-curitiba","10":"tag-curte","11":"tag-dia","12":"tag-entertainment","13":"tag-entretenimento","14":"tag-fa","15":"tag-faleceu","16":"tag-folga","17":"tag-instagram","18":"tag-katy-perry","19":"tag-mae","20":"tag-mensagem-emocionante","21":"tag-music","22":"tag-musica","23":"tag-perdeu","24":"tag-plantao","25":"tag-portugal","26":"tag-praia","27":"tag-pt","28":"tag-santa-catarina","29":"tag-show"},"share_on_mastodon":{"url":"","error":""},"_links":{"self":[{"href":"https:\/\/www.europesays.com\/pt\/wp-json\/wp\/v2\/posts\/77511","targetHints":{"allow":["GET"]}}],"collection":[{"href":"https:\/\/www.europesays.com\/pt\/wp-json\/wp\/v2\/posts"}],"about":[{"href":"https:\/\/www.europesays.com\/pt\/wp-json\/wp\/v2\/types\/post"}],"author":[{"embeddable":true,"href":"https:\/\/www.europesays.com\/pt\/wp-json\/wp\/v2\/users\/2"}],"replies":[{"embeddable":true,"href":"https:\/\/www.europesays.com\/pt\/wp-json\/wp\/v2\/comments?post=77511"}],"version-history":[{"count":0,"href":"https:\/\/www.europesays.com\/pt\/wp-json\/wp\/v2\/posts\/77511\/revisions"}],"wp:featuredmedia":[{"embeddable":true,"href":"https:\/\/www.europesays.com\/pt\/wp-json\/wp\/v2\/media\/77512"}],"wp:attachment":[{"href":"https:\/\/www.europesays.com\/pt\/wp-json\/wp\/v2\/media?parent=77511"}],"wp:term":[{"taxonomy":"category","embeddable":true,"href":"https:\/\/www.europesays.com\/pt\/wp-json\/wp\/v2\/categories?post=77511"},{"taxonomy":"post_tag","embeddable":true,"href":"https:\/\/www.europesays.com\/pt\/wp-json\/wp\/v2\/tags?post=77511"}],"curies":[{"name":"wp","href":"https:\/\/api.w.org\/{rel}","templated":true}]}}