{"id":77551,"date":"2025-09-19T05:18:09","date_gmt":"2025-09-19T05:18:09","guid":{"rendered":"https:\/\/www.europesays.com\/pt\/77551\/"},"modified":"2025-09-19T05:18:09","modified_gmt":"2025-09-19T05:18:09","slug":"a-heranca-pesadelo-pilar-salva-a-vida-de-sofia-depois-de-vicente-a-envenenar-e-e-acusada-de-a-tentar-matar-novelas","status":"publish","type":"post","link":"https:\/\/www.europesays.com\/pt\/77551\/","title":{"rendered":"A Heran\u00e7a. Pesadelo: Pilar salva a vida de Sofia depois de Vicente a envenenar e \u00e9 acusada de a tentar matar &#8211; Novelas"},"content":{"rendered":"<p>Por esta \u00e9 que ningu\u00e9m esperava. Vicente (Ricardo Pereira) continua focado em destruir Sofia (Patr\u00edcia Tavares) e vai voltar a envenen\u00e1-la. Desta vez, a mec\u00e2nica vai mesmo sentir-se mal e \u00e9 Pilar (Mariana Monteiro) quem a vai salvar. <\/p>\n<p>Em casa, a m\u00e3e de Beatriz (B\u00e1rbara Branco) desvaloriza os sintomas que sente, mas Gon\u00e7alo (Jos\u00e9 Mata) est\u00e1 preocupado. Sofia conversa sobre a irm\u00e3, em como a quer chamar \u00e0 raz\u00e3o e mostrar que n\u00e3o assassinou o pai. Vai tentar ligar-lhe. <\/p>\n<p>        &#13;<\/p>\n<p>                        &#13;<br \/>\n                            <img decoding=\"async\" src=\"https:\/\/www.europesays.com\/pt\/wp-content\/uploads\/2025\/09\/img_220x220uu2025-09-17-16-58-44-394699-im-638937252659628087.jpg\" class=\"img_fluid\" loading=\"lazy\" alt=\"\"\/>&#13;<\/p>\n<p class=\"title\">Ler tamb\u00e9m<\/p>\n<p>                    <a href=\"https:\/\/www.tvguia.pt\/novelas\/detalhe\/a-heranca-escandalo-claudia-vinga-se-de-pilar-e-anuncia-publicamente-que-brigida-matou-raul\" class=\"streched_link\" title=\"\" content_list_position=\"1\" rel=\"nofollow noopener\" target=\"_blank\">A Heran\u00e7a. Esc\u00e2ndalo: Cl\u00e1udia vinga-se de Pilar e anuncia publicamente que Br\u00edgida matou Raul<\/a><\/p>\n<p>            &#13;<\/p>\n<p>Enquanto isto, em casa, a malvada n\u00e3o conseguiu falar com a m\u00e3e, que se trancou no quarto. Rafael (Diogo Lopes) tamb\u00e9m n\u00e3o sabe se acredita nas acusa\u00e7\u00f5es de Cl\u00e1udia (Isabela Valadeiro). Pilar recebe um telefonema de Sofia, pede-lhe que se unam para descobrir quem matou Raul (Virg\u00edlio Castelo), mas a vil\u00e3 apressa-se a desligar. Rafael aconselha a irm\u00e3 a ir ter com a namorada de Gon\u00e7alo e esta acaba por aceder faz\u00ea-lo. <\/p>\n<p>        &#13;<\/p>\n<p>                        &#13;<br \/>\n                            <img decoding=\"async\" src=\"https:\/\/www.europesays.com\/pt\/wp-content\/uploads\/2025\/09\/img_220x220uu2025-09-17-15-54-36-394659-im-638937213215870348.jpg\" class=\"img_fluid\" loading=\"lazy\" alt=\"\"\/>&#13;<\/p>\n<p class=\"title\">Ler tamb\u00e9m<\/p>\n<p>                    <a href=\"https:\/\/www.tvguia.pt\/novelas\/detalhe\/a-heranca-bronca-depois-de-impedir-que-brigida-va-presa-claudia-perde-tudo-e-vicente-expulsa-a-de-casa\" class=\"streched_link\" title=\"\" content_list_position=\"2\" rel=\"nofollow noopener\" target=\"_blank\">A Heran\u00e7a. Bronca: Depois de impedir que Br\u00edgida v\u00e1 presa, Cl\u00e1udia perde tudo e Vicente expulsa-a de casa <\/a><\/p>\n<p>            &#13;<\/p>\n<p>Ao chegar ao local, a vil\u00e3 discute com Sofia, acusando-a de ser o inimigo e insiste em como a quer ver na pris\u00e3o. A ex-mulher de Ot\u00e1vio (Ant\u00f3nio Pedro Cerdeira) tenta argumentar contra a irm\u00e3, mas cai com convuls\u00f5es. Pilar fica em p\u00e2nico e grita por socorro. <\/p>\n<p>        &#13;<\/p>\n<p>                        &#13;<br \/>\n                            <img decoding=\"async\" src=\"https:\/\/www.europesays.com\/pt\/wp-content\/uploads\/2025\/09\/img_220x220uu2025-09-16-11-31-30-394558.jpg\" class=\"img_fluid\" loading=\"lazy\" alt=\"\"\/>&#13;<\/p>\n<p class=\"title\">Ler tamb\u00e9m<\/p>\n<p>                    <a href=\"https:\/\/www.tvguia.pt\/novelas\/detalhe\/a-heranca-bomba-claudia-e-interrogada-por-ser-amante-de-raul-e-denuncia-brigida-como-a-autora-da-morte-do-marido\" class=\"streched_link\" title=\"\" content_list_position=\"3\" rel=\"nofollow noopener\" target=\"_blank\">A Heran\u00e7a. Bomba: Cl\u00e1udia \u00e9 interrogada por ser amante de Raul e denuncia Br\u00edgida como a autora da morte do marido <\/a><\/p>\n<p>            &#13;<\/p>\n<p>Sofia continua sem sentidos enquanto Pilar chama uma ambul\u00e2ncia em p\u00e2nico. Teresinha (Laura Dutra) surge e assume que Pilar magoou a madrinha. Tenta ligar a Gon\u00e7alo, mas ele n\u00e3o atende. <\/p>\n<p>Saiba tudo sobre &#8216;A Heran\u00e7a&#8217; e as outras novelas na revista<b>\u00a0TV Guia<\/b>\u00a0desta semana, j\u00e1 nas bancas de Portugal, ou na vers\u00e3o digital,\u00a0<a href=\"https:\/\/assinaturas.xl.pt\/tv_guia\" rel=\"nofollow noopener\" target=\"_blank\">aqui<\/a>.<\/p>\n<p>            &#13;<br \/>\n                &#13;<br \/>\n&#13;<br \/>\n&#13;<br \/>\n    &#13;<br \/>\n&#13;<br \/>\n&#13;<\/p>\n","protected":false},"excerpt":{"rendered":"Por esta \u00e9 que ningu\u00e9m esperava. Vicente (Ricardo Pereira) continua focado em destruir Sofia (Patr\u00edcia Tavares) e vai&hellip;\n","protected":false},"author":2,"featured_media":77552,"comment_status":"","ping_status":"","sticky":false,"template":"","format":"standard","meta":{"footnotes":""},"categories":[142],"tags":[2795,7072,2800,211,114,115,2796,2801,2799,1017,32,694,33,218,151],"class_list":{"0":"post-77551","1":"post","2":"type-post","3":"status-publish","4":"format-standard","5":"has-post-thumbnail","7":"category-tv","8":"tag-a-heranca","9":"tag-antonio-pedro-cerdeira","10":"tag-barbara-branco","11":"tag-celebridades","12":"tag-entertainment","13":"tag-entretenimento","14":"tag-isabela-valadeiro","15":"tag-jose-mata","16":"tag-mariana-monteiro","17":"tag-namoro","18":"tag-portugal","19":"tag-prisao","20":"tag-pt","21":"tag-televisao","22":"tag-tv"},"share_on_mastodon":{"url":"","error":""},"_links":{"self":[{"href":"https:\/\/www.europesays.com\/pt\/wp-json\/wp\/v2\/posts\/77551","targetHints":{"allow":["GET"]}}],"collection":[{"href":"https:\/\/www.europesays.com\/pt\/wp-json\/wp\/v2\/posts"}],"about":[{"href":"https:\/\/www.europesays.com\/pt\/wp-json\/wp\/v2\/types\/post"}],"author":[{"embeddable":true,"href":"https:\/\/www.europesays.com\/pt\/wp-json\/wp\/v2\/users\/2"}],"replies":[{"embeddable":true,"href":"https:\/\/www.europesays.com\/pt\/wp-json\/wp\/v2\/comments?post=77551"}],"version-history":[{"count":0,"href":"https:\/\/www.europesays.com\/pt\/wp-json\/wp\/v2\/posts\/77551\/revisions"}],"wp:featuredmedia":[{"embeddable":true,"href":"https:\/\/www.europesays.com\/pt\/wp-json\/wp\/v2\/media\/77552"}],"wp:attachment":[{"href":"https:\/\/www.europesays.com\/pt\/wp-json\/wp\/v2\/media?parent=77551"}],"wp:term":[{"taxonomy":"category","embeddable":true,"href":"https:\/\/www.europesays.com\/pt\/wp-json\/wp\/v2\/categories?post=77551"},{"taxonomy":"post_tag","embeddable":true,"href":"https:\/\/www.europesays.com\/pt\/wp-json\/wp\/v2\/tags?post=77551"}],"curies":[{"name":"wp","href":"https:\/\/api.w.org\/{rel}","templated":true}]}}