{"id":77716,"date":"2025-09-19T08:36:14","date_gmt":"2025-09-19T08:36:14","guid":{"rendered":"https:\/\/www.europesays.com\/pt\/77716\/"},"modified":"2025-09-19T08:36:14","modified_gmt":"2025-09-19T08:36:14","slug":"viriato-quintela-recebe-telefonema-e-declaracao-de-ex-concorrente-do-big-brother-verao-vou-levar-para-a-minha-vida-dois-as-10","status":"publish","type":"post","link":"https:\/\/www.europesays.com\/pt\/77716\/","title":{"rendered":"Viriato Quintela recebe telefonema e declara\u00e7\u00e3o de ex-concorrente do \u00abBig Brother Ver\u00e3o\u00bb: \u00abVou levar para a minha vida\u00bb &#8211; Dois \u00e0s 10"},"content":{"rendered":"<p>                        No \u00abDois \u00e0s 10\u00bb, Viriato Quintela falou das amizades que leva do \u00abBig Brother Ver\u00e3o\u00bb e acabou surpreendido por uma chamada inesperada de Ana Duarte, que deixou claro: \u00abSomos muito bons amigos\u00bb.<\/p>\n<p data-end=\"466\" data-start=\"194\">Ap\u00f3s ter conquistado o <strong data-end=\"230\" data-start=\"217\">3.\u00ba lugar<\/strong> no Big Brother Ver\u00e3o, <strong data-end=\"275\" data-start=\"255\">Viriato Quintela<\/strong> esteve esta quinta-feira, 18 de setembro, no programa Dois \u00e0s 10, da TVI, onde conversou com <strong data-end=\"388\" data-start=\"371\">Cl\u00e1udio Ramos<\/strong> sobre a experi\u00eancia no reality show e as liga\u00e7\u00f5es que criou dentro da casa.<\/p>\n<p data-end=\"555\" data-start=\"468\">Questionado sobre os concorrentes que pretende levar para a vida, o ator n\u00e3o hesitou: <strong>\u00abEm ordem decrescente conforme sa\u00edram: a J\u00e9ssica, a Bruna, o Paim, o Bruno de Carvalho, ainda ontem estava a conversar com o Bruno e com o Manuel Melo. S\u00e3o pessoas que eu me cruzei l\u00e1 dentro, sinto e depois eu disse-lhes: \u2018Eu vou ser vosso amigo enquanto voc\u00eas me quiserem como amigo\u2019.\u00bb<\/strong><\/p>\n<p data-end=\"953\" data-start=\"848\">A conversa acabou por se tornar ainda mais animada quando Cl\u00e1udio Ramos perguntou sobre <strong data-end=\"950\" data-start=\"936\">Ana Duarte<\/strong>: <strong>\u00abE a Pocahontas fica para a vida?\u00bb<\/strong>\u00a0De imediato, Viriato confirmou: <strong>\u00abSim, fica.\u00bb<\/strong><\/p>\n<p data-end=\"1128\" data-start=\"1046\">Nesse momento, a cantora entrou em direto por telefone para surpreender o amigo: <strong>\u00abOlha \u00e9 assim, Viriato, \u00e9 bom que tires o meu nome da tua boca\u00bb<\/strong>, disse em tom divertido.<\/p>\n<p data-end=\"1561\" data-start=\"1508\">Pouco depois, a cantora deixou palavras de carinho: <strong>\u00abO Viriato \u00e9 uma pessoa incr\u00edvel e agora est\u00e1vamos a ver as imagens l\u00e1 dentro da casa, realmente ali \u00e9 tudo muito intenso e hoje, visto de fora, sei perfeitamente que todos os coment\u00e1rios que ele fez n\u00e3o foram de todo com m\u00e1 inten\u00e7\u00e3o. (\u2026) \u00c9 uma pessoa maravilhosa, sim, que vou levar para a minha vida.\u00bb<\/strong><\/p>\n<p data-end=\"2514\" data-start=\"2315\">Um momento leve e cheio de cumplicidade que mostrou a amizade especial entre <strong data-end=\"2412\" data-start=\"2392\">Viriato Quintela<\/strong> e <strong data-end=\"2429\" data-start=\"2415\">Ana Duarte<\/strong>, nascida dentro da casa do Big Brother Ver\u00e3o e que promete prolongar-se c\u00e1 fora.<\/p>\n","protected":false},"excerpt":{"rendered":"No \u00abDois \u00e0s 10\u00bb, Viriato Quintela falou das amizades que leva do \u00abBig Brother Ver\u00e3o\u00bb e acabou surpreendido&hellip;\n","protected":false},"author":2,"featured_media":77717,"comment_status":"","ping_status":"","sticky":false,"template":"","format":"standard","meta":{"footnotes":""},"categories":[142],"tags":[340,1170,329,166,3412,3406,3409,801,3410,3411,3407,3408,114,115,3413,338,32,33,151,162,2262],"class_list":{"0":"post-77716","1":"post","2":"type-post","3":"status-publish","4":"format-standard","5":"has-post-thumbnail","7":"category-tv","8":"tag-ana-duarte","9":"tag-big-brother-verao","10":"tag-claudio-ramos","11":"tag-cristina-ferreira","12":"tag-dois-10","13":"tag-dois-a-s-10-dois-a-s-10","14":"tag-dois-a-s-dez","15":"tag-dois-as-10","16":"tag-dois-as-dez","17":"tag-dois-dez","18":"tag-doisas10","19":"tag-doisasdez","20":"tag-entertainment","21":"tag-entretenimento","22":"tag-manha-tvi","23":"tag-maria-botelho-moniz","24":"tag-portugal","25":"tag-pt","26":"tag-tv","27":"tag-tvi","28":"tag-viriato-quintela"},"share_on_mastodon":{"url":"","error":""},"_links":{"self":[{"href":"https:\/\/www.europesays.com\/pt\/wp-json\/wp\/v2\/posts\/77716","targetHints":{"allow":["GET"]}}],"collection":[{"href":"https:\/\/www.europesays.com\/pt\/wp-json\/wp\/v2\/posts"}],"about":[{"href":"https:\/\/www.europesays.com\/pt\/wp-json\/wp\/v2\/types\/post"}],"author":[{"embeddable":true,"href":"https:\/\/www.europesays.com\/pt\/wp-json\/wp\/v2\/users\/2"}],"replies":[{"embeddable":true,"href":"https:\/\/www.europesays.com\/pt\/wp-json\/wp\/v2\/comments?post=77716"}],"version-history":[{"count":0,"href":"https:\/\/www.europesays.com\/pt\/wp-json\/wp\/v2\/posts\/77716\/revisions"}],"wp:featuredmedia":[{"embeddable":true,"href":"https:\/\/www.europesays.com\/pt\/wp-json\/wp\/v2\/media\/77717"}],"wp:attachment":[{"href":"https:\/\/www.europesays.com\/pt\/wp-json\/wp\/v2\/media?parent=77716"}],"wp:term":[{"taxonomy":"category","embeddable":true,"href":"https:\/\/www.europesays.com\/pt\/wp-json\/wp\/v2\/categories?post=77716"},{"taxonomy":"post_tag","embeddable":true,"href":"https:\/\/www.europesays.com\/pt\/wp-json\/wp\/v2\/tags?post=77716"}],"curies":[{"name":"wp","href":"https:\/\/api.w.org\/{rel}","templated":true}]}}