{"id":77730,"date":"2025-09-19T08:52:09","date_gmt":"2025-09-19T08:52:09","guid":{"rendered":"https:\/\/www.europesays.com\/pt\/77730\/"},"modified":"2025-09-19T08:52:09","modified_gmt":"2025-09-19T08:52:09","slug":"alan-cumming-indica-possivel-retorno-de-halle-berry-como-tempestade-em-vingadores-doomsday","status":"publish","type":"post","link":"https:\/\/www.europesays.com\/pt\/77730\/","title":{"rendered":"Alan Cumming indica poss\u00edvel RETORNO de Halle Berry como Tempestade em &#8216;Vingadores: Doomsday&#8217;"},"content":{"rendered":"<p><strong>\u2018Vingadores: Doomsday\u2019<\/strong> \u00e9 um dos filmes mais aguardados da pr\u00f3xima leva de lan\u00e7amentos da\u00a0<strong>Marvel Studios<\/strong> e trar\u00e1 o retorno de in\u00fameros personagens bastante conhecidos da cultura pop, incluindo Professor Xavier (<strong>Patrick Stewart<\/strong>), Magneto (<strong>Ian McKellen<\/strong>), M\u00edstica (<strong>Rebecca Romijn<\/strong>) e Noturno (<strong>Alan Cumming<\/strong>) \u2013 todos tendo estrelado a popular franquia\u00a0<strong>\u2018X-Men\u2019<\/strong>, da extinta\u00a0<strong>20th Century Fox<\/strong>.<\/p>\n<p>\u00c9 muito prov\u00e1vel que outros nomes tamb\u00e9m reprisem seus pap\u00e9is no projeto, como\u00a0<strong>Famke Janssen<\/strong> (Jean Grey) e\u00a0<strong>Halle Berry<\/strong> (Tempestade), mesmo que a Marvel n\u00e3o tenha confirmado oficialmente a participa\u00e7\u00e3o das atrizes.<\/p>\n<p>Agora, em uma recente entrevista \u00e0\u00a0Entertainment Tonight, Cumming foi questionado sobre o longa e sobre o poss\u00edvel retorno de Berry \u2013 ao que ele trouxe uma resposta interessante e que pode ter confirmado a atriz no longa:\u00a0\u201cbem\u2026 Talvez ela volte\u201d.<\/p>\n<p>Confira:<\/p>\n<blockquote class=\"twitter-tweet\">\n<p dir=\"ltr\" lang=\"en\">Alan Cumming when asked if Halle Berry will be reprising her role as Storm for \u2018AVENGERS: DOOMSDAY\u2019<\/p>\n<p>\u201cWell\u2026 maybe she does.\u201d<\/p>\n<p>(via <a href=\"https:\/\/twitter.com\/etnow?ref_src=twsrc%5Etfw\" rel=\"nofollow noopener\" target=\"_blank\">@etnow<\/a>) <a href=\"https:\/\/t.co\/IGjf4IsHMx\" rel=\"nofollow\">pic.twitter.com\/IGjf4IsHMx<\/a><\/p>\n<p>\u2014 Avengers Updates (@AvengersUpdated) <a href=\"https:\/\/twitter.com\/AvengersUpdated\/status\/1968011058637119781?ref_src=twsrc%5Etfw\" rel=\"nofollow noopener\" target=\"_blank\">September 16, 2025<\/a><\/p>\n<\/blockquote>\n<p><strong>\u2018Vingadores: Doomsday\u2019 chega aos cinemas no dia 17 de Dezembro de 2026, um dia antes da estreia norte-americana. \u2018Vingadores: Guerras Secretas\u2019 tem estreia marcada para o dia 17 de dezembro de 2027.<\/strong><\/p>\n<p>Al\u00e9m de <strong>Robert Downey Jr.<\/strong> como Victor Von Doom\/Doutor Destino, o elenco contar\u00e1 com <strong>Tom Hiddleston<\/strong> (Loki), <strong>Anthony Mackie<\/strong> (Capit\u00e3o Am\u00e9rica), <strong>Sebastian Stan<\/strong> (Soldado Invernal), <strong>Letitia Wright<\/strong> (Pantera Negra), <strong>Wyatt Russell<\/strong> (Agente Americano) <strong>Simu Liu<\/strong> (Shang-Chi), <strong>Florence Pugh<\/strong> (Yelena Belova), <strong>Danny Ramirez<\/strong> (Falc\u00e3o), <strong>Winston Duke<\/strong> (M\u2019Baku), <strong>Vanessa Kirby<\/strong> ( Mulher Invis\u00edvel), <strong>Ebon Moss-Bachrach<\/strong> (Coisa), <strong>Joseph Quinn<\/strong> (Tocha Humana), <strong>Lewis Pullman<\/strong> (Bob), <strong>David Harbour<\/strong> (Guardi\u00e3o Vermelho), <strong>Hannah John-Kamen<\/strong> (Fantasma), <strong>Patrick Stewart<\/strong> (Professor Xavier),<strong> Alan Cumming <\/strong>(Noturno),\u00a0<strong>Ian McKellen\u00a0<\/strong>(Magneto),\u00a0<strong>Rebecca Romijn<\/strong> (M\u00edstica),\u00a0<strong>James Marsden<\/strong> (Ciclope), <strong>Kelsey Grammer <\/strong>(Fera), <strong>Channing Tatum <\/strong>(Gambit), <strong>Paul Rudd <\/strong>(Homem-Formiga), <strong>Chris Hemsworth<\/strong> (Thor) e\u00a0<strong>Pedro Pascal<\/strong> (Sr. Fant\u00e1stico).<\/p>\n<p>&#8211; Publicidade &#8211; <\/p>\n<p><script async src=\"https:\/\/platform.twitter.com\/widgets.js\" charset=\"utf-8\"><\/script><\/p>\n","protected":false},"excerpt":{"rendered":"\u2018Vingadores: Doomsday\u2019 \u00e9 um dos filmes mais aguardados da pr\u00f3xima leva de lan\u00e7amentos da\u00a0Marvel Studios e trar\u00e1 o&hellip;\n","protected":false},"author":2,"featured_media":77731,"comment_status":"","ping_status":"","sticky":false,"template":"","format":"standard","meta":{"footnotes":""},"categories":[140],"tags":[16122,13291,13292,13293,16993,16123,6384,13294,13295,12726,114,115,3639,147,148,13296,9191,13297,13298,13299,13300,12730,13301,13302,13303,792,12733,11189,146,16994,13304,4420,32,33,13305,13306,13307,13308,16995,13309,13310,2149,13312,11192],"class_list":{"0":"post-77730","1":"post","2":"type-post","3":"status-publish","4":"format-standard","5":"has-post-thumbnail","7":"category-filmes","8":"tag-agents-of-s-h-i-e-l-d","9":"tag-alan-cumming","10":"tag-anthony-e-joe-russo","11":"tag-anthony-mackie","12":"tag-channing-tatum","13":"tag-chloe-bennet","14":"tag-chris-hemsworth","15":"tag-danny-ramirez","16":"tag-david-harbour","17":"tag-ebon-moss-bachrach","18":"tag-entertainment","19":"tag-entretenimento","20":"tag-featured","21":"tag-film","22":"tag-filmes","23":"tag-florence-pugh","24":"tag-halle-berry","25":"tag-hannah-john-kamen","26":"tag-ian-mckellen","27":"tag-irmaos-russo","28":"tag-james-marsden","29":"tag-joseph-quinn","30":"tag-kelsey-grammer","31":"tag-letitia-wright","32":"tag-lewis-pullman","33":"tag-marvel","34":"tag-marvel-studios","35":"tag-mcu","36":"tag-movies","37":"tag-mulher-hulk-defensora-de-herois","38":"tag-patrick-stewart","39":"tag-paul-rudd","40":"tag-portugal","41":"tag-pt","42":"tag-rebecca-romijn","43":"tag-robert-downey-jr","44":"tag-sebastian-stan","45":"tag-simu-liu","46":"tag-tatiana-maslany","47":"tag-tom-hiddleston","48":"tag-universo-cinematico-marvel","49":"tag-vanessa-kirby","50":"tag-winston-duke","51":"tag-wyatt-russell"},"share_on_mastodon":{"url":"","error":""},"_links":{"self":[{"href":"https:\/\/www.europesays.com\/pt\/wp-json\/wp\/v2\/posts\/77730","targetHints":{"allow":["GET"]}}],"collection":[{"href":"https:\/\/www.europesays.com\/pt\/wp-json\/wp\/v2\/posts"}],"about":[{"href":"https:\/\/www.europesays.com\/pt\/wp-json\/wp\/v2\/types\/post"}],"author":[{"embeddable":true,"href":"https:\/\/www.europesays.com\/pt\/wp-json\/wp\/v2\/users\/2"}],"replies":[{"embeddable":true,"href":"https:\/\/www.europesays.com\/pt\/wp-json\/wp\/v2\/comments?post=77730"}],"version-history":[{"count":0,"href":"https:\/\/www.europesays.com\/pt\/wp-json\/wp\/v2\/posts\/77730\/revisions"}],"wp:featuredmedia":[{"embeddable":true,"href":"https:\/\/www.europesays.com\/pt\/wp-json\/wp\/v2\/media\/77731"}],"wp:attachment":[{"href":"https:\/\/www.europesays.com\/pt\/wp-json\/wp\/v2\/media?parent=77730"}],"wp:term":[{"taxonomy":"category","embeddable":true,"href":"https:\/\/www.europesays.com\/pt\/wp-json\/wp\/v2\/categories?post=77730"},{"taxonomy":"post_tag","embeddable":true,"href":"https:\/\/www.europesays.com\/pt\/wp-json\/wp\/v2\/tags?post=77730"}],"curies":[{"name":"wp","href":"https:\/\/api.w.org\/{rel}","templated":true}]}}