{"id":77734,"date":"2025-09-19T08:55:24","date_gmt":"2025-09-19T08:55:24","guid":{"rendered":"https:\/\/www.europesays.com\/pt\/77734\/"},"modified":"2025-09-19T08:55:24","modified_gmt":"2025-09-19T08:55:24","slug":"claudia-vieira-experimentaste-uma-das-melhores-francesinhas-de-gaia","status":"publish","type":"post","link":"https:\/\/www.europesays.com\/pt\/77734\/","title":{"rendered":"Cl\u00e1udia Vieira, experimentaste &#8220;uma das melhores&#8221; francesinhas de Gaia?"},"content":{"rendered":"<p><a href=\"https:\/\/versa.iol.pt\/claudia-vieira\/vestido\/claudia-vieira-prova-que-estes-36-vestidos-sao-a-grande-tendencia-de-outono\/20250911\/68c2c8c6d34e58bc679595f4\" rel=\"nofollow noopener\" target=\"_blank\">Cl\u00e1udia Vieira esteve, recentemente<\/a>, em Vila Nova de Gaia. Isto fez-nos pensar o que podia fazer por l\u00e1. H\u00e1 quem esteja l\u00e1 para conhecer as caves de vinho do Porto; outros n\u00e3o resistem \u00e0\u00a0vista incr\u00edvel da Serra do Pilar, especialmente na hora do p\u00f4r-do-sol, mas, al\u00e9m de tudo isto, a cidade tem muitos restaurantes que merecem uma visita.\u00a0<\/p>\n<p>\u00c9 tamb\u00e9m l\u00e1 que encontras &#8220;uma das melhores francesinhas&#8221;, segundo as cr\u00edticas do <a href=\"https:\/\/www.google.com\/search?sa=X&amp;sca_esv=2bdaff5eaf256dbe&amp;rlz=1C1FKPE_enPT1158PT1158&amp;biw=1280&amp;bih=551&amp;tbm=lcl&amp;sxsrf=AE3TifN77LdaokzkzQ96ohDhMedq1u2Rjg:1758184920810&amp;q=avalia%C3%A7%C3%B5es%20sobre%20casa%20d.%20am%C3%A9lia&amp;rflfq=1&amp;num=20&amp;stick=H4sIAAAAAAAAAONgkxIxNDcytTA3NbcwtDAzMTaxMDAwM9zAyPiKUSmxLDEnM_Hw8sNbU4sVivOTilIVkhOLExVS9BQScw-vBMotYiVCEQCojmFJZQAAAA&amp;rldimm=17258757818643480061&amp;hl=pt-PT&amp;ved=0CAcQ5foLahcKEwjwzfid9eGPAxUAAAAAHQAAAAAQBg#lkt=LocalPoiReviews&amp;arid=Ci9DQUlRQUNvZENodHljRjlvT21oaVEzTnljMmhTVmpSWVdISTBWMnRFY0hKUVVsRRAB\" rel=\"nofollow noopener\" target=\"_blank\">Google<\/a>, no restaurante Casa Dona Am\u00e9lia. Fica na Madalena e a sua especialidade s\u00e3o as cl\u00e1ssicas francesinhas, sim, mas em forno de lenha.<\/p>\n<p>\u00c9 feita com &#8220;carne macia&#8221;, o t\u00edpico &#8220;queijo derretido e ao mesmo tempo firme, os embutidos deliciosos&#8221;. E o molho? &#8220;Leve e saboroso&#8221;<\/p>\n<p>J\u00e1 outro utilizador descreve-a como um prato com &#8220;personalidade, original e diferente, muito rica&#8221;.\u00a0Tamb\u00e9m encontras um coment\u00e1rio que diz: &#8220;ainda n\u00e3o comi uma francesinha melhor que neste s\u00edtio&#8221;.<\/p>\n<p>Quando falam do ambiente as pessoas usam palavras como &#8220;acolhedor&#8221;, &#8220;aconchegante&#8221;, &#8220;familiar e descontra\u00eddo&#8221;.\u00a0<\/p>\n<p>Est\u00e3o dispon\u00edveis tr\u00eas vers\u00f5es de francesinha neste restaurante, a normal com bife de novilho, bacon, salsicha fresca, lingui\u00e7a, queijo e fiambre; a XXL, com os mesmos ingredientes, mas em dobro; e a vegetariana com cogumelos, tomate, ovo, queijo e anan\u00e1s.\u00a0<\/p>\n<p>Tamb\u00e9m fazem cachorros e tostas mistas com o molho de francesinha, assim como alguns petiscos, nomeadamente p\u00e3o de alho, azeitonas, salgados e b\u00f4la de carne.\u00a0Para sobremesa podes pedir cheesecake, natas do c\u00e9u, mousse de chocolate e baba de camelo.\u00a0<\/p>\n<p>Espreita a galeria de imagens para veres as francesinhas do restaurante e outros pratos.\u00a0<\/p>\n","protected":false},"excerpt":{"rendered":"Cl\u00e1udia Vieira esteve, recentemente, em Vila Nova de Gaia. Isto fez-nos pensar o que podia fazer por l\u00e1.&hellip;\n","protected":false},"author":2,"featured_media":77735,"comment_status":"","ping_status":"","sticky":false,"template":"","format":"standard","meta":{"footnotes":""},"categories":[85],"tags":[1081,1082,204,114,115,20184,754,186,1079,32,33,3555,1078,1080,18859],"class_list":{"0":"post-77734","1":"post","2":"type-post","3":"status-publish","4":"format-standard","5":"has-post-thumbnail","7":"category-entretenimento","8":"tag-beleza","9":"tag-claudia-vieira","10":"tag-design","11":"tag-entertainment","12":"tag-entretenimento","13":"tag-francesinha","14":"tag-gastronomia","15":"tag-lifestyle","16":"tag-moda","17":"tag-portugal","18":"tag-pt","19":"tag-restaurantes","20":"tag-versa","21":"tag-viagens","22":"tag-vila-nova-de-gaia"},"share_on_mastodon":{"url":"","error":""},"_links":{"self":[{"href":"https:\/\/www.europesays.com\/pt\/wp-json\/wp\/v2\/posts\/77734","targetHints":{"allow":["GET"]}}],"collection":[{"href":"https:\/\/www.europesays.com\/pt\/wp-json\/wp\/v2\/posts"}],"about":[{"href":"https:\/\/www.europesays.com\/pt\/wp-json\/wp\/v2\/types\/post"}],"author":[{"embeddable":true,"href":"https:\/\/www.europesays.com\/pt\/wp-json\/wp\/v2\/users\/2"}],"replies":[{"embeddable":true,"href":"https:\/\/www.europesays.com\/pt\/wp-json\/wp\/v2\/comments?post=77734"}],"version-history":[{"count":0,"href":"https:\/\/www.europesays.com\/pt\/wp-json\/wp\/v2\/posts\/77734\/revisions"}],"wp:featuredmedia":[{"embeddable":true,"href":"https:\/\/www.europesays.com\/pt\/wp-json\/wp\/v2\/media\/77735"}],"wp:attachment":[{"href":"https:\/\/www.europesays.com\/pt\/wp-json\/wp\/v2\/media?parent=77734"}],"wp:term":[{"taxonomy":"category","embeddable":true,"href":"https:\/\/www.europesays.com\/pt\/wp-json\/wp\/v2\/categories?post=77734"},{"taxonomy":"post_tag","embeddable":true,"href":"https:\/\/www.europesays.com\/pt\/wp-json\/wp\/v2\/tags?post=77734"}],"curies":[{"name":"wp","href":"https:\/\/api.w.org\/{rel}","templated":true}]}}