{"id":77738,"date":"2025-09-19T08:58:15","date_gmt":"2025-09-19T08:58:15","guid":{"rendered":"https:\/\/www.europesays.com\/pt\/77738\/"},"modified":"2025-09-19T08:58:15","modified_gmt":"2025-09-19T08:58:15","slug":"novo-veto-a-tregua-estados-unidos-alinham-com-israel-na-negacao-de-genocidio-em-gaza","status":"publish","type":"post","link":"https:\/\/www.europesays.com\/pt\/77738\/","title":{"rendered":"Novo veto a tr\u00e9gua. Estados Unidos alinham com Israel na nega\u00e7\u00e3o de genoc\u00eddio em Gaza"},"content":{"rendered":"<p>&#13;<br \/>\n<b>A resolu\u00e7\u00e3o, apresentada pela dezena de membros n\u00e3o-permanentes do Conselho de Seguran\u00e7a das Na\u00e7\u00f5es Unidas, colheu 14 votos a favor e o veto isolado dos Estados Unidos<\/b> &#8211; na condi\u00e7\u00e3o de membro permanente do \u00f3rg\u00e3o, a superpot\u00eancia bloqueou assim uma nova iniciativa para o calar das armas em territ\u00f3rio palestiniano.Recorde-se que, a 4 de junho, os Estados Unidos haviam vetado um projeto de resolu\u00e7\u00e3o an\u00e1logo.<\/p>\n<p><b>O projeto barrado pela representa\u00e7\u00e3o norte-americana enquadrava a imediata suspens\u00e3o de obst\u00e1culos \u00e0 entrada e distribui\u00e7\u00e3o de ajuda humanit\u00e1ria internacional na Faixa de Gaza<\/b>.<\/p>\n<p><b>O texto exigia igualmente um cessar-fogo imediato, incondicional e permanente e a liberta\u00e7\u00e3o incondicional e imediata de todos os ref\u00e9ns israelitas ainda sob cust\u00f3dia do Hamas e de outros movimentos palestinianos<\/b>. Entregava ainda ao secret\u00e1rio-geral da ONU, Ant\u00f3nio Guterres, a miss\u00e3o de apresentar um relat\u00f3rio ao Conselho de Seguran\u00e7a, em 30 dias, relativo \u00e0 implementa\u00e7\u00e3o da resolu\u00e7\u00e3o.<\/p>\n<p>A discuss\u00e3o deste \u00faltimo projeto de resolu\u00e7\u00e3o teve in\u00edcio no final de agosto, ap\u00f3s a ONU ter declarado oficialmente um cen\u00e1rio de fome na Faixa de Gaza.<\/p>\n<p>&#8220;<b>A fome foi confirmada em Gaza. N\u00e3o projetada, n\u00e3o declarada. Foi confirmada<\/b>. M\u00e3es desesperadas s\u00e3o for\u00e7adas a ferver folhas para alimentar os seus filhos. Pais vasculham os escombros em busca de sustento. Pessoas s\u00e3o mortas enquanto tentam obter comida para sobreviver. Uma gera\u00e7\u00e3o corre o risco de se perder n\u00e3o apenas na guerra, mas tamb\u00e9m na fome e desespero&#8221;, advogou, antes do momento da vota\u00e7\u00e3o, a embaixadora dinamarquesa Christina Markus Lassen.<\/p>\n<p>Lassen institu na ideia de que a <b>resolu\u00e7\u00e3o visava, t\u00e3o-s\u00f3, &#8220;aliviar o sofrimento e contribuir para o fim desta guerra abomin\u00e1vel&#8221;<\/b>.<br \/>&#13;<br \/>\n&#8220;Um relat\u00f3rio calunioso&#8221;<br \/>&#13;<br \/>\nOs representantes da Administra\u00e7\u00e3o Trump cedo sinalizaram a inten\u00e7\u00e3o de vetar a resolu\u00e7\u00e3o, invocando, como argumento, a falta de uma condena\u00e7\u00e3o expressa do Hamas.<br \/>&#13;<br \/>\n<b><br \/>&#13;<br \/>\n&#8220;A oposi\u00e7\u00e3o dos Estados Unidos a esta resolu\u00e7\u00e3o n\u00e3o ser\u00e1 nenhuma surpresa. N\u00e3o condena o Hamas nem reconhece o direito de Israel se defender e legitima erradamente as falsas narrativas que beneficiam o Hamas, que infelizmente encontraram aceita\u00e7\u00e3o neste Conselho&#8221;<\/b>, sustentou a representante norte-americana Morgan Ortagus, que criticou os demais membros do Conselho de Seguran\u00e7a por insistirem numa &#8220;a\u00e7\u00e3o performativa&#8221;.<\/p>\n<p>Israel, continuou a diplomata norte-americana, &#8220;assume riscos claros&#8221; com os Estados Unidos para fazer chegar ajuda aos civis palestinianos.&#8221;Israel est\u00e1 protegido. Est\u00e1 imune. Imune n\u00e3o &#13;<br \/>\npelo Direito internacional, mas pelo preconceito deste sistema &#13;<br \/>\ninternacional. Israel mata todos os dias e nada acontece. Israel mata um&#13;<br \/>\npovo de fome, bombardeia hospitais, escolas, abrigos e nada acontece&#8221;, &#13;<br \/>\nreprovou o diplomata argelino Amar Bendjama, perante a posi\u00e7\u00e3o &#13;<br \/>\nnorte-americana. <br \/>&#13;\n<\/p>\n<p>Morgan Ortagus apontaria ent\u00e3o baterias ao relat\u00f3rio que refor\u00e7a o quadro de genoc\u00eddio em curso na Faixa de Gaza: &#8220;Para sermos claros, consideramos este um relat\u00f3rio calunioso e desprovido de credibilidade. Este relat\u00f3rio apresenta mentiras e distor\u00e7\u00f5es em benef\u00edcio do Hamas&#8221;.&#13;\n<\/p>\n<p>&#13;<br \/>\nOs autores do relat\u00f3rio, carregou, apresentam um &#8220;hist\u00f3rico de parcialidade&#8221;, o que &#8220;viola os pr\u00f3prios padr\u00f5es das Na\u00e7\u00f5es Unidas&#8221;.&#13;\n<\/p>\n<p>&#13;<br \/>\nPara a Administra\u00e7\u00e3o Trump, o relat\u00f3rio veio atestar uma &#8220;fal\u00eancia moral&#8221; do Conselho de Direitos Humanos da ONU, \u00f3rg\u00e3o que n\u00e3o conta com representa\u00e7\u00e3o norte-americana.&#13;\n<\/p>\n<p>&#13;<br \/>\n&#8220;J\u00e1 passou da hora de a Comiss\u00e3o de Inqu\u00e9rito ser eliminada e a sua ca\u00e7a \u00e0s bruxas antissemita\u00a0ser encerrada&#8221;, rematou.&#13;\n<\/p>\n<p>&#13;<br \/>\n<b>O <a href=\"https:\/\/cdn-images.rtp.pt\/icm\/noticias\/docs\/3e\/3e402fbab9fe5a809bf7f658672c7724_3a27c29561cf5669742bf58147698b9e.pdf\" target=\"_blank\" rel=\"nofollow noopener\">relat\u00f3rio em causa<\/a> foi publicado na ter\u00e7a-feira por uma comiss\u00e3o internacional independente de investiga\u00e7\u00e3o das Na\u00e7\u00f5es Unidos, encabe\u00e7ada por Navi Pillay, antigo presidente do Tribunal Penal Internacional estabelecido na sequ\u00eancia do genoc\u00eddio de Ruanda<\/b>.&#13;\n<\/p>\n<p>Por sua vez, o representante israelita nas Na\u00e7\u00f5es Unidas,\u00a0Danny Danon, quis apontar que a resolu\u00e7\u00e3o vetada pelos norte-americanas n\u00e3o estabelecia que &#8220;todos os atos de terrorismo s\u00e3o criminosos e injustos&#8221;, ou que a ofensiva levada a cabo a 7 de outubro de 2023 pelo Hamas deveria &#8220;ser condenada&#8221;.<\/p>\n<p><b>O representante palestiniano Riyad Mansour descreveu o veto como &#8220;lament\u00e1vel e doloroso&#8221;, dado que impede que o Conselho de Seguran\u00e7a cumpra o &#8220;seu papel diante das atrocidades&#8221; na Faixa de Gaza proteja a popula\u00e7\u00e3o &#8220;do genoc\u00eddio&#8221;<\/b>.<\/p>\n<p>c\/ AFP e Lusa&#13;<\/p>\n","protected":false},"excerpt":{"rendered":"&#13; A resolu\u00e7\u00e3o, apresentada pela dezena de membros n\u00e3o-permanentes do Conselho de Seguran\u00e7a das Na\u00e7\u00f5es Unidas, colheu 14&hellip;\n","protected":false},"author":2,"featured_media":77739,"comment_status":"","ping_status":"","sticky":false,"template":"","format":"standard","meta":{"footnotes":""},"categories":[50],"tags":[27,28,14240,235,5719,15,16,532,255,14,259,25,26,21,22,432,62,12,13,19,20,910,23,24,17,18,29,30,31,63,64,65],"class_list":{"0":"post-77738","1":"post","2":"type-post","3":"status-publish","4":"format-standard","5":"has-post-thumbnail","7":"category-mundo","8":"tag-breaking-news","9":"tag-breakingnews","10":"tag-conselho-de-seguranca","11":"tag-estados-unidos","12":"tag-faixa","13":"tag-featured-news","14":"tag-featurednews","15":"tag-gaza","16":"tag-hamas","17":"tag-headlines","18":"tag-israel","19":"tag-latest-news","20":"tag-latestnews","21":"tag-main-news","22":"tag-mainnews","23":"tag-medio-oriente","24":"tag-mundo","25":"tag-news","26":"tag-noticias","27":"tag-noticias-principais","28":"tag-noticiasprincipais","29":"tag-onu","30":"tag-principais-noticias","31":"tag-principaisnoticias","32":"tag-top-stories","33":"tag-topstories","34":"tag-ultimas","35":"tag-ultimas-noticias","36":"tag-ultimasnoticias","37":"tag-world","38":"tag-world-news","39":"tag-worldnews"},"share_on_mastodon":{"url":"","error":""},"_links":{"self":[{"href":"https:\/\/www.europesays.com\/pt\/wp-json\/wp\/v2\/posts\/77738","targetHints":{"allow":["GET"]}}],"collection":[{"href":"https:\/\/www.europesays.com\/pt\/wp-json\/wp\/v2\/posts"}],"about":[{"href":"https:\/\/www.europesays.com\/pt\/wp-json\/wp\/v2\/types\/post"}],"author":[{"embeddable":true,"href":"https:\/\/www.europesays.com\/pt\/wp-json\/wp\/v2\/users\/2"}],"replies":[{"embeddable":true,"href":"https:\/\/www.europesays.com\/pt\/wp-json\/wp\/v2\/comments?post=77738"}],"version-history":[{"count":0,"href":"https:\/\/www.europesays.com\/pt\/wp-json\/wp\/v2\/posts\/77738\/revisions"}],"wp:featuredmedia":[{"embeddable":true,"href":"https:\/\/www.europesays.com\/pt\/wp-json\/wp\/v2\/media\/77739"}],"wp:attachment":[{"href":"https:\/\/www.europesays.com\/pt\/wp-json\/wp\/v2\/media?parent=77738"}],"wp:term":[{"taxonomy":"category","embeddable":true,"href":"https:\/\/www.europesays.com\/pt\/wp-json\/wp\/v2\/categories?post=77738"},{"taxonomy":"post_tag","embeddable":true,"href":"https:\/\/www.europesays.com\/pt\/wp-json\/wp\/v2\/tags?post=77738"}],"curies":[{"name":"wp","href":"https:\/\/api.w.org\/{rel}","templated":true}]}}