{"id":77743,"date":"2025-09-19T09:07:16","date_gmt":"2025-09-19T09:07:16","guid":{"rendered":"https:\/\/www.europesays.com\/pt\/77743\/"},"modified":"2025-09-19T09:07:16","modified_gmt":"2025-09-19T09:07:16","slug":"isaac-nader-nao-tinha-sapatilhas-e-sofria-racismo-acabou-a-conquistar-o-ouro-por-portugal","status":"publish","type":"post","link":"https:\/\/www.europesays.com\/pt\/77743\/","title":{"rendered":"Isaac Nader n\u00e3o tinha sapatilhas e sofria racismo. Acabou a conquistar o ouro por Portugal"},"content":{"rendered":"<p class=\"wp-caption-text top\">Mast Irham \/ EPA<\/p>\n<p><img decoding=\"async\" loading=\"lazy\" class=\"size-kopa-image-size-3 wp-image-701330\" src=\"https:\/\/www.europesays.com\/pt\/wp-content\/uploads\/2025\/09\/68d51b5a93415273748340028ee857c0-783x450.jpg\" alt=\"\" width=\"700\" height=\"402\"  \/><\/p>\n<p><strong>Manteve sempre a humildade \u2014 mesmo depois de ser o primeiro atleta masculino campe\u00e3o mundial portugu\u00eas nos 1500 metros. Confundem-no v\u00e1rias vezes com um marroquino\u2014 inclusive o comentador da prova que venceu.<\/strong><\/p>\n<p>O algarvio Isaac Nader conseguiu um feito in\u00e9dito: foi o segundo portugu\u00eas (depois de Carla Sacramento, em 1997), <strong>primeiro homem, a conquistar uma medalha de ouro numa prova de 1500 metros.<\/strong><\/p>\n<p>Com a ajuda do seu j\u00e1 t\u00edpico \u201cbluff\u201d, completou as tr\u00eas voltas e meia \u00e0 pista do Est\u00e1dio Nacional do Jap\u00e3o em <strong>3.34,10 minutos,<\/strong> superando, contra as expectativas dos espetadores, o brit\u00e2nico Jake Wightman.<\/p>\n<p>De acordo com o <a href=\"https:\/\/tribuna.expresso.pt\/modalidades\/2025-09-17-o-bluff-fez-de-isaac-nader-campeao-do-mundo-nos-1.500-metros-6e17bbad\" data-wpel-link=\"external\" target=\"_blank\" rel=\"nofollow external noopener noreferrer\" class=\"ext-link\">Expresso<\/a>, a \u201ct\u00e1tica da fisga\u201d deu a vit\u00f3ria ao portugu\u00eas nos \u00faltimos segundos\u2014 transparece exaust\u00e3o, mas supera o advers\u00e1rio na reta final.<\/p>\n<p><strong>Aos 26 anos, o atleta do Benfica \u00e9 o oitavo campe\u00e3o do mundo portugu\u00eas.<\/strong> E \u00e9 bem portugu\u00eas, ao contr\u00e1rio do que acreditam v\u00e1rias pessoas que chegaram a insult\u00e1-lo pelo seu nome.<\/p>\n<p>\u201cOuro para Marrocos\u201d<\/p>\n<p>\u201cO meu pai \u00e9 marroquino\u201d, disse numa entrevista \u00e0 <a href=\"https:\/\/www.rfi.fr\/pt\/programas\/desporto\/20231125-isaac-nader-ser%C3%A1-uma-honra-representar-o-meu-pa%C3%ADs-portugal-no-maior-evento-desportivo\" data-wpel-link=\"exclude\" rel=\"noopener noreferrer nofollow\" target=\"_blank\">RFI<\/a> em 2023. \u201cMas <strong>eu nasci em Portugal, a minha m\u00e3e \u00e9 portuguesa, e eu n\u00e3o tenho qualquer tipo de liga\u00e7\u00e3o a Marrocos<\/strong>\u201c, afirma, real\u00e7ando que n\u00e3o tem nem quer ter dupla nacionalidade.<\/p>\n<p>Na mesma entrevista, garantiu que recebe com frequ\u00eancia insultos devido ao seu nome. \u201c\u00c9 sempre chato ouvir esses coment\u00e1rios\u201d, disse ent\u00e3o, mas \u201d<\/p>\n<p>No entanto, at\u00e9 o comentador que relatava a prova na <a href=\"https:\/\/x.com\/tntsports\/status\/1968311257213153589?ref_src=twsrc%5Etfw%7Ctwcamp%5Etweetembed%7Ctwterm%5E1968311257213153589%7Ctwgr%5E24aa466c02a9b36878aa1d5f755a673502992c49%7Ctwcon%5Es1_&amp;ref_url=https%3A%2F%2Fcdn.iol.pt%2Fatletismo%2Fcampeonato-do-mundo%2Fvideo-narrador-confunde-isaac-nader-e-fala-em-ouro-para-marrocos\" data-wpel-link=\"external\" target=\"_blank\" rel=\"nofollow external noopener noreferrer\" class=\"ext-link\">TNT<\/a> confundiu o atleta com um marroquino, o que pode n\u00e3o ter tido ajuda da cor do equipamento, semelhante \u00e0 da bandeira do pa\u00eds africano. \u201c<strong>Ouro para Marrocos<\/strong>\u201c, acabou por gritar o jornalista.<\/p>\n<p>Futebol ou atletismo? Nader fez a escolha certa<\/p>\n<p>O atletismo n\u00e3o foi sempre a op\u00e7\u00e3o n\u00famero 1 do campe\u00e3o mundial portugu\u00eas. At\u00e9 2017, esteve indeciso entre duas paix\u00f5es.<\/p>\n<p>\u201cAinda n\u00e3o levava o atletismo a s\u00e9rio. J\u00e1 competia, num clube de Faro<strong>, ganhava umas provas, mas ainda n\u00e3o tinha feito a escolha entre o futebol e o atletismo<\/strong>\u201c, disse, citado pel\u2019<a href=\"https:\/\/www.abola.pt\/noticias\/nader-o-fraco-futebolista-que-conquistou-o-mundo-a-correr-2025091714301526908\" data-wpel-link=\"external\" target=\"_blank\" rel=\"nofollow external noopener noreferrer\" class=\"ext-link\">A Bola<\/a>.<\/p>\n<p>\u201cJoguei futebol no Farense, at\u00e9 aos juvenis, e esse convite para vir para o Benfica \u00e9 que determinou a escolha de um caminho. Optei pelo atletismo e ainda bem que o fiz\u201d, conta.<\/p>\n<p>tudo por causa do <strong>pai e do tio, que, recorda, \u201cjogaram futebol no Farense.<\/strong> O meu tio, o Hassan Nader, foi jogador do <strong>Benfica<\/strong> e, portanto, tinha esta liga\u00e7\u00e3o familiar ao futebol\u201d.<\/p>\n<p>Era um jovem humilde, e a sua sorte foi frequentar uma escola que prestava apoio a jovens atletas. Francisco Soares, diretor do Agrupamento de Escolas Pinheiro e Rosa, recorda \u00e0 <a href=\"https:\/\/www.rtp.pt\/noticias\/desporto\/escola-onde-nader-andou-em-miudo-apoia-estudantes-que-sao-atletas-de-alto-rendimento_a1684482\" data-wpel-link=\"external\" target=\"_blank\" rel=\"nofollow external noopener noreferrer\" class=\"ext-link\">RTP<\/a> que o jovem \u201cia ao Campeonato Nacional de Desporto Escolar e <strong>n\u00e3o tinha sapatilhas adequadas<\/strong>\u201d para competir.<\/p>\n<p>A escola conseguiu arranjar-lhe o equipamento, e o jovem, anos mais tarde, j\u00e1 um atleta de sucesso e a viver em Madrid para perseguir a sua carreira, ofereceu-se para comprar sapatilhas para outros jovens menos favorecidos da escola e que, como ele, tivessem o sonho de competir.<\/p>\n<p style=\"padding-left: 25px; margin-bottom: 10; font-family: Roboto, Arial, Helvetica, sans-serif; font-size: 15px\">&#13;<br \/>\n        Carolina Bastos Pereira, ZAP \/\/ <a href=\"\" data-wpel-link=\"internal\"\/>&#13;\n    <\/p>\n<p>    <a href=\"https:\/\/zap.aeiou.pt\/subscrever-newsletter\" data-wpel-link=\"internal\" rel=\"nofollow noopener\" target=\"_blank\">&#13;<br \/>\n        <img loading=\"lazy\" decoding=\"async\" class=\"aligncenter size-full wp-image-575475\" src=\"https:\/\/www.europesays.com\/pt\/wp-content\/uploads\/2025\/09\/2d51fe4a0ba54894421ead1809309ed9-1-450x140.jpg\" alt=\"Subscreva a Newsletter ZAP\" width=\"450\" height=\"140\"\/>&#13;<br \/>\n    <\/a><\/p>\n<p>                <a href=\"https:\/\/whatsapp.com\/channel\/0029VaIC4EE2f3EJZPPSbR34\" data-wpel-link=\"external\" target=\"_blank\" rel=\"nofollow external noopener noreferrer\" class=\"ext-link\">&#13;<br \/>\n                    <img loading=\"lazy\" decoding=\"async\" class=\"aligncenter size-full wp-image-575475\" src=\"https:\/\/www.europesays.com\/pt\/wp-content\/uploads\/2025\/09\/c68c559d956d4ca20f435ed74a6e71e6.png\" alt=\"Siga-nos no WhatsApp\" width=\"175\" height=\"64\"\/>&#13;<br \/>\n                <\/a><\/p>\n<p>                <a href=\"https:\/\/news.google.com\/publications\/CAAiEHRwZondIV71PDjWNoqMduEqFAgKIhB0cGaJ3SFe9Tw41jaKjHbh?hl=en-US&amp;gl=US&amp;ceid=US%3Aen\" data-wpel-link=\"external\" target=\"_blank\" rel=\"nofollow external noopener noreferrer\" class=\"ext-link\">&#13;<br \/>\n                    <img loading=\"lazy\" decoding=\"async\" class=\"aligncenter size-full wp-image-575475\" src=\"https:\/\/www.europesays.com\/pt\/wp-content\/uploads\/2025\/09\/5123dd8b087b644fdb8f8603acd1bad4.png\" alt=\"Siga-nos no Google News\" width=\"176\" height=\"64\"\/>&#13;<br \/>\n                <\/a><\/p>\n","protected":false},"excerpt":{"rendered":"Mast Irham \/ EPA Manteve sempre a humildade \u2014 mesmo depois de ser o primeiro atleta masculino campe\u00e3o&hellip;\n","protected":false},"author":2,"featured_media":77744,"comment_status":"","ping_status":"","sticky":false,"template":"","format":"standard","meta":{"footnotes":""},"categories":[87],"tags":[1866,135,20185,32,33,134],"class_list":{"0":"post-77743","1":"post","2":"type-post","3":"status-publish","4":"format-standard","5":"has-post-thumbnail","7":"category-desporto","8":"tag-atletismo","9":"tag-desporto","10":"tag-medalha","11":"tag-portugal","12":"tag-pt","13":"tag-sports"},"share_on_mastodon":{"url":"","error":""},"_links":{"self":[{"href":"https:\/\/www.europesays.com\/pt\/wp-json\/wp\/v2\/posts\/77743","targetHints":{"allow":["GET"]}}],"collection":[{"href":"https:\/\/www.europesays.com\/pt\/wp-json\/wp\/v2\/posts"}],"about":[{"href":"https:\/\/www.europesays.com\/pt\/wp-json\/wp\/v2\/types\/post"}],"author":[{"embeddable":true,"href":"https:\/\/www.europesays.com\/pt\/wp-json\/wp\/v2\/users\/2"}],"replies":[{"embeddable":true,"href":"https:\/\/www.europesays.com\/pt\/wp-json\/wp\/v2\/comments?post=77743"}],"version-history":[{"count":0,"href":"https:\/\/www.europesays.com\/pt\/wp-json\/wp\/v2\/posts\/77743\/revisions"}],"wp:featuredmedia":[{"embeddable":true,"href":"https:\/\/www.europesays.com\/pt\/wp-json\/wp\/v2\/media\/77744"}],"wp:attachment":[{"href":"https:\/\/www.europesays.com\/pt\/wp-json\/wp\/v2\/media?parent=77743"}],"wp:term":[{"taxonomy":"category","embeddable":true,"href":"https:\/\/www.europesays.com\/pt\/wp-json\/wp\/v2\/categories?post=77743"},{"taxonomy":"post_tag","embeddable":true,"href":"https:\/\/www.europesays.com\/pt\/wp-json\/wp\/v2\/tags?post=77743"}],"curies":[{"name":"wp","href":"https:\/\/api.w.org\/{rel}","templated":true}]}}