{"id":77747,"date":"2025-09-19T09:09:10","date_gmt":"2025-09-19T09:09:10","guid":{"rendered":"https:\/\/www.europesays.com\/pt\/77747\/"},"modified":"2025-09-19T09:09:10","modified_gmt":"2025-09-19T09:09:10","slug":"estas-sao-as-calcas-de-cristina-ferreira-que-esgotaram-numa-hora-noticias-de-hoje","status":"publish","type":"post","link":"https:\/\/www.europesays.com\/pt\/77747\/","title":{"rendered":"Estas s\u00e3o as cal\u00e7as de Cristina Ferreira que esgotaram numa hora &#8211; Not\u00edcias de hoje"},"content":{"rendered":"<p>Cristina Ferreira volta a conquistar os seus seguidores, e clientes, com mais uma pe\u00e7a de roupa que est\u00e1 a dar que falar. Desta vez, trata-se de umas <a href=\"https:\/\/store.dailycristina.com\/products\/jeans-tachas-spaccio-by-cristina_castanho\" target=\"_blank\" rel=\"nofollow noopener\">cal\u00e7as castanhas com umas tachas nas laterais<\/a>\u00a0que, em poucas horas, se tornaram um verdadeiro sucesso de vendas.<\/p>\n<p>A apresentadora do <a href=\"https:\/\/tvi.iol.pt\/secretstory\/\" target=\"_blank\" rel=\"nofollow noopener\">Secret Story<\/a> partilhou no Instagram um carrossel de imagens, e numa delas deixou uma mensagem reveladora sobre o impacto da pe\u00e7a: \u201cVoc\u00eas esgotam estas cal\u00e7as numa hora\u201d.<\/p>\n<p>O modelo estava dispon\u00edvel no site <a href=\"http:\/\/store.dailycristina.com\/\" target=\"_blank\" rel=\"nofollow noopener\"><strong>Cristina<\/strong><\/a> em v\u00e1rios tamanhos e custam 69,95 euros, mas a procura foi t\u00e3o intensa que os n\u00fameros L e XL j\u00e1 voaram. Restam apenas os tamanhos XS, S e M, ainda acess\u00edveis para quem n\u00e3o quer perder a oportunidade de recriar o look da apresentadora.<\/p>\n<p>No site, \u00e9 poss\u00edvel encontrar outras pe\u00e7as e conjuntos que seguem a mesma linha de eleg\u00e2ncia e versatilidade, caracter\u00edsticas que t\u00eam fidelizado os f\u00e3s e impulsionado as vendas. Veja <a href=\"https:\/\/store.dailycristina.com\/\" target=\"_blank\" rel=\"nofollow noopener\">aqui<\/a>.<\/p>\n<p>Cristina Ferreira continua a ser uma refer\u00eancia de estilo para muitas mulheres. Recorde-se ainda que, este m\u00eas, <a href=\"https:\/\/www.iol.pt\/cristina-ferreira\/visual\/cristina-ferreira-muda-de-visual-e-dita-tendencias-para-o-outono\/20250917\/68cac5b7d34ee0c2fed0353f\" target=\"_blank\" rel=\"nofollow noopener\">a apresentadora lan\u00e7ou uma nova tend\u00eancia ao surgir com um corte de cabelo curto e moderno<\/a>, que lhe rendeu in\u00fameros elogios e promete inspirar muitas mulheres neste outono.<\/p>\n<blockquote class=\"instagram-media\" data-instgrm-captioned=\"\" data-instgrm-permalink=\"https:\/\/www.instagram.com\/p\/DOtwK-OjJUb\/?utm_source=ig_embed&amp;utm_campaign=loading\" data-instgrm-version=\"14\" style=\" background:#FFF; border:0; border-radius:3px; box-shadow:0 0 1px 0 rgba(0,0,0,0.5),0 1px 10px 0 rgba(0,0,0,0.15); margin: 1px; max-width:540px; min-width:326px; padding:0; width:99.375%; width:-webkit-calc(100% - 2px); width:calc(100% - 2px);\">\n<\/blockquote>\n<p>                        <script async src=\"\/\/www.instagram.com\/embed.js\"><\/script><\/p>\n","protected":false},"excerpt":{"rendered":"Cristina Ferreira volta a conquistar os seus seguidores, e clientes, com mais uma pe\u00e7a de roupa que est\u00e1&hellip;\n","protected":false},"author":2,"featured_media":77748,"comment_status":"","ping_status":"","sticky":false,"template":"","format":"standard","meta":{"footnotes":""},"categories":[85],"tags":[20187,166,114,115,488,4319,13,32,33,20186],"class_list":{"0":"post-77747","1":"post","2":"type-post","3":"status-publish","4":"format-standard","5":"has-post-thumbnail","7":"category-entretenimento","8":"tag-calcas-cristina-ferreira","9":"tag-cristina-ferreira","10":"tag-entertainment","11":"tag-entretenimento","12":"tag-iol","13":"tag-look","14":"tag-noticias","15":"tag-portugal","16":"tag-pt","17":"tag-site-cristina-ferreira"},"share_on_mastodon":{"url":"","error":""},"_links":{"self":[{"href":"https:\/\/www.europesays.com\/pt\/wp-json\/wp\/v2\/posts\/77747","targetHints":{"allow":["GET"]}}],"collection":[{"href":"https:\/\/www.europesays.com\/pt\/wp-json\/wp\/v2\/posts"}],"about":[{"href":"https:\/\/www.europesays.com\/pt\/wp-json\/wp\/v2\/types\/post"}],"author":[{"embeddable":true,"href":"https:\/\/www.europesays.com\/pt\/wp-json\/wp\/v2\/users\/2"}],"replies":[{"embeddable":true,"href":"https:\/\/www.europesays.com\/pt\/wp-json\/wp\/v2\/comments?post=77747"}],"version-history":[{"count":0,"href":"https:\/\/www.europesays.com\/pt\/wp-json\/wp\/v2\/posts\/77747\/revisions"}],"wp:featuredmedia":[{"embeddable":true,"href":"https:\/\/www.europesays.com\/pt\/wp-json\/wp\/v2\/media\/77748"}],"wp:attachment":[{"href":"https:\/\/www.europesays.com\/pt\/wp-json\/wp\/v2\/media?parent=77747"}],"wp:term":[{"taxonomy":"category","embeddable":true,"href":"https:\/\/www.europesays.com\/pt\/wp-json\/wp\/v2\/categories?post=77747"},{"taxonomy":"post_tag","embeddable":true,"href":"https:\/\/www.europesays.com\/pt\/wp-json\/wp\/v2\/tags?post=77747"}],"curies":[{"name":"wp","href":"https:\/\/api.w.org\/{rel}","templated":true}]}}