{"id":77767,"date":"2025-09-19T09:30:05","date_gmt":"2025-09-19T09:30:05","guid":{"rendered":"https:\/\/www.europesays.com\/pt\/77767\/"},"modified":"2025-09-19T09:30:05","modified_gmt":"2025-09-19T09:30:05","slug":"claudio-ramos-fala-sobre-possivel-regresso-a-conducao-de-reality-shows","status":"publish","type":"post","link":"https:\/\/www.europesays.com\/pt\/77767\/","title":{"rendered":"Cl\u00e1udio Ramos fala sobre poss\u00edvel regresso \u00e0 condu\u00e7\u00e3o de reality shows"},"content":{"rendered":"<p>Para Cl\u00e1udio Ramos, o primeiro semestre deste ano foi intenso, com a condu\u00e7\u00e3o de &#8220;<a href=\"https:\/\/tvi.iol.pt\/secretstory\/\" target=\"_blank\" rel=\"nofollow noopener\">Secret Story<\/a> &#8211; Desafio Final&#8221; e, logo depois, do &#8220;<a href=\"https:\/\/tvi.iol.pt\/bigbrother\/\" target=\"_blank\" rel=\"nofollow noopener\">Big Brother<\/a> 2025&#8243;. Os dois, claro, sempre conciliados com a apresenta\u00e7\u00e3o de &#8220;<a href=\"https:\/\/tvi.iol.pt\/doisas10\/\" target=\"_blank\" rel=\"nofollow noopener\">Dois \u00e0s 10<\/a>&#8220;.<\/p>\n<p><a href=\"https:\/\/selfie.iol.pt\/famosos\/big-brother\/claudio-ramos-cumpre-promessa-durante-entrevista-a-catarina-miranda\/20250916\/68c96326d34e58bc6795cc39\" target=\"_blank\" rel=\"nofollow noopener\">Cl\u00e1udio Ramos<\/a> diz j\u00e1 ter ultrapassado esta fase em que se entregou de corpo e alma e dois formatos em simult\u00e2neo. &#8220;Trabalhei de s\u00e1bado a s\u00e1bado, de manh\u00e3, \u00e0 tarde e \u00e0 noite. Agora, estou superdescansado&#8221;, constata o apresentador, em conversa com a SELFIE.<\/p>\n<p>Questionado sobre se est\u00e1 pronto para voltar \u00e0 condu\u00e7\u00e3o de reality shows, o comunicador \u00e9 pragm\u00e1tico na resposta: &#8220;Isso j\u00e1 estou, porque j\u00e1 estou descansado, mas s\u00f3 muito mais para a frente. Est\u00e1 tudo muito bem entregue.&#8221;<\/p>\n<p>Cl\u00e1udio Ramos est\u00e1, assim, completamente dedicado \u00e0 condu\u00e7\u00e3o do matutino da <a href=\"https:\/\/tvi.iol.pt\/\" target=\"_blank\" rel=\"nofollow noopener\">TVI<\/a>, feito em parelha com Cristina Ferreira.\u00a0&#8220;Estou preparado para continuar a vencer e a liderar, se Deus quiser. Se eu n\u00e3o for positivo, quem vai ser?&#8221;, brinca, referindo que passa por um per\u00edodo de &#8220;consolida\u00e7\u00e3o de um programa l\u00edder&#8221;: &#8220;O programa renova-se sempre. \u00c9 um programa de daytime, que j\u00e1 dura h\u00e1 muito tempo, portanto, \u00e9 natural que o nosso objetivo \u00e9 ir surpreendendo sempre o espectador.&#8221;<\/p>\n<p>Veja, agora, nas galerias que prepar\u00e1mos para si, as melhores imagens de <a href=\"https:\/\/selfie.iol.pt\/famosos\/claudio-ramos\/claudio-ramos-esclarece-nao-e-esse-exagero-todo-que-as-pessoas-fazem\/20250912\/68c4152bd34ee0c2fed00117\" target=\"_blank\" rel=\"nofollow noopener\">Cl\u00e1udio Ramos<\/a>.<\/p>\n","protected":false},"excerpt":{"rendered":"Para Cl\u00e1udio Ramos, o primeiro semestre deste ano foi intenso, com a condu\u00e7\u00e3o de &#8220;Secret Story &#8211; Desafio&hellip;\n","protected":false},"author":2,"featured_media":77768,"comment_status":"","ping_status":"","sticky":false,"template":"","format":"standard","meta":{"footnotes":""},"categories":[145],"tags":[6973,6308,6812,48,6810,2632,15384,211,210,329,166,15383,801,114,115,741,980,619,32,33,1315,6985,15382,1012,6986,162],"class_list":{"0":"post-77767","1":"post","2":"type-post","3":"status-publish","4":"format-standard","5":"has-post-thumbnail","7":"category-celebridades","8":"tag-apresentador","9":"tag-bb","10":"tag-bb2025","11":"tag-big-brother","12":"tag-big-brother-2025","13":"tag-casa-dos-segredos","14":"tag-casa-dos-segredos-desafio-final","15":"tag-celebridades","16":"tag-celebrities","17":"tag-claudio-ramos","18":"tag-cristina-ferreira","19":"tag-desafio-final","20":"tag-dois-as-10","21":"tag-entertainment","22":"tag-entretenimento","23":"tag-entrevista","24":"tag-famosos","25":"tag-nacional","26":"tag-portugal","27":"tag-pt","28":"tag-secret-story","29":"tag-secret-story-casa-dos-segredos","30":"tag-secret-story-desafio-final","31":"tag-selfie","32":"tag-ss","33":"tag-tvi"},"share_on_mastodon":{"url":"","error":""},"_links":{"self":[{"href":"https:\/\/www.europesays.com\/pt\/wp-json\/wp\/v2\/posts\/77767","targetHints":{"allow":["GET"]}}],"collection":[{"href":"https:\/\/www.europesays.com\/pt\/wp-json\/wp\/v2\/posts"}],"about":[{"href":"https:\/\/www.europesays.com\/pt\/wp-json\/wp\/v2\/types\/post"}],"author":[{"embeddable":true,"href":"https:\/\/www.europesays.com\/pt\/wp-json\/wp\/v2\/users\/2"}],"replies":[{"embeddable":true,"href":"https:\/\/www.europesays.com\/pt\/wp-json\/wp\/v2\/comments?post=77767"}],"version-history":[{"count":0,"href":"https:\/\/www.europesays.com\/pt\/wp-json\/wp\/v2\/posts\/77767\/revisions"}],"wp:featuredmedia":[{"embeddable":true,"href":"https:\/\/www.europesays.com\/pt\/wp-json\/wp\/v2\/media\/77768"}],"wp:attachment":[{"href":"https:\/\/www.europesays.com\/pt\/wp-json\/wp\/v2\/media?parent=77767"}],"wp:term":[{"taxonomy":"category","embeddable":true,"href":"https:\/\/www.europesays.com\/pt\/wp-json\/wp\/v2\/categories?post=77767"},{"taxonomy":"post_tag","embeddable":true,"href":"https:\/\/www.europesays.com\/pt\/wp-json\/wp\/v2\/tags?post=77767"}],"curies":[{"name":"wp","href":"https:\/\/api.w.org\/{rel}","templated":true}]}}