{"id":77789,"date":"2025-09-19T09:47:15","date_gmt":"2025-09-19T09:47:15","guid":{"rendered":"https:\/\/www.europesays.com\/pt\/77789\/"},"modified":"2025-09-19T09:47:15","modified_gmt":"2025-09-19T09:47:15","slug":"humoristas-norte-americanos-solidarizam-se-com-o-suspenso-jimmy-kimmel","status":"publish","type":"post","link":"https:\/\/www.europesays.com\/pt\/77789\/","title":{"rendered":"Humoristas norte-americanos solidarizam-se com o suspenso Jimmy Kimmel"},"content":{"rendered":"<p>&#13;<br \/>\nKimmel, no seu espa\u00e7o televisivo, abordara o assassinato do ativista de extrema-direita Charlie Kirk, apoiante do presidente dos Estados Unidos da Am\u00e9rica (EUA), Donald Trump, que foi morto a tiro durante um com\u00edcio no estado Utah, sugerindo que estava a haver capitaliza\u00e7\u00e3o pol\u00edtica do sucedido.&#13;\n<\/p>\n<p>&#13;<br \/>\nA televis\u00e3o ABC suspendeu-lhe o programa depois de o presidente da entidade reguladora das comunica\u00e7\u00f5es dos EUA (FCC, na sigla inglesa), Brendan Carr, ter dito que havia fortes argumentos contra Kimmel e que a empresa-m\u00e3e, Walt Disney Company, podia vir a ser responsabilizada. &#13;\n<\/p>\n<p>&#13;<br \/>\nStewart optou pela s\u00e1tira, Colbert &#8211; que tamb\u00e9m tem amea\u00e7a de cancelamento sobre si por parte da televis\u00e3o CBS &#8211; foi mais institucional, alegando &#8220;censura&#8221;, e Fallon elogiou Kimmel e desejou que o c\u00f3mico continuasse a fazer o seu trabalho.&#13;\n<\/p>\n<p>&#13;<br \/>\nKimmel ainda n\u00e3o se pronunciou sobre o assunto. Os seus apoiantes dizem que Carr, o dirigente da FCC, interpretou mal as suas palavras e que, em momento algum, o humorista sugeriu que o suspeito da autoria do assassinato de Kirk, Tyler Robinson, era um conservador.&#13;<\/p>\n","protected":false},"excerpt":{"rendered":"&#13; Kimmel, no seu espa\u00e7o televisivo, abordara o assassinato do ativista de extrema-direita Charlie Kirk, apoiante do presidente&hellip;\n","protected":false},"author":2,"featured_media":77790,"comment_status":"","ping_status":"","sticky":false,"template":"","format":"standard","meta":{"footnotes":""},"categories":[142],"tags":[114,115,20192,11011,20191,32,33,151],"class_list":{"0":"post-77789","1":"post","2":"type-post","3":"status-publish","4":"format-standard","5":"has-post-thumbnail","7":"category-tv","8":"tag-entertainment","9":"tag-entretenimento","10":"tag-fallon","11":"tag-jimmy-kimmel","12":"tag-jon-stewart-stephen-colbert","13":"tag-portugal","14":"tag-pt","15":"tag-tv"},"share_on_mastodon":{"url":"","error":""},"_links":{"self":[{"href":"https:\/\/www.europesays.com\/pt\/wp-json\/wp\/v2\/posts\/77789","targetHints":{"allow":["GET"]}}],"collection":[{"href":"https:\/\/www.europesays.com\/pt\/wp-json\/wp\/v2\/posts"}],"about":[{"href":"https:\/\/www.europesays.com\/pt\/wp-json\/wp\/v2\/types\/post"}],"author":[{"embeddable":true,"href":"https:\/\/www.europesays.com\/pt\/wp-json\/wp\/v2\/users\/2"}],"replies":[{"embeddable":true,"href":"https:\/\/www.europesays.com\/pt\/wp-json\/wp\/v2\/comments?post=77789"}],"version-history":[{"count":0,"href":"https:\/\/www.europesays.com\/pt\/wp-json\/wp\/v2\/posts\/77789\/revisions"}],"wp:featuredmedia":[{"embeddable":true,"href":"https:\/\/www.europesays.com\/pt\/wp-json\/wp\/v2\/media\/77790"}],"wp:attachment":[{"href":"https:\/\/www.europesays.com\/pt\/wp-json\/wp\/v2\/media?parent=77789"}],"wp:term":[{"taxonomy":"category","embeddable":true,"href":"https:\/\/www.europesays.com\/pt\/wp-json\/wp\/v2\/categories?post=77789"},{"taxonomy":"post_tag","embeddable":true,"href":"https:\/\/www.europesays.com\/pt\/wp-json\/wp\/v2\/tags?post=77789"}],"curies":[{"name":"wp","href":"https:\/\/api.w.org\/{rel}","templated":true}]}}