{"id":78127,"date":"2025-09-19T15:16:09","date_gmt":"2025-09-19T15:16:09","guid":{"rendered":"https:\/\/www.europesays.com\/pt\/78127\/"},"modified":"2025-09-19T15:16:09","modified_gmt":"2025-09-19T15:16:09","slug":"manchester-united-de-ruben-amorim-quer-contratar-internacional-portugues-que-joga-na-arabia-saudita","status":"publish","type":"post","link":"https:\/\/www.europesays.com\/pt\/78127\/","title":{"rendered":"Manchester United de Ruben Amorim quer contratar internacional portugu\u00eas que joga na Ar\u00e1bia Saudita"},"content":{"rendered":"<p><strong>O Manchester United quer fechar refor\u00e7os para o meio-campo. R\u00faben Neves est\u00e1 na lista do emblema orientado por Ruben Amorim.<\/strong><\/p>\n<p>R\u00faben Neves est\u00e1 na lista do Manchester United para o meio-campo. De acordo com o CaughtOffside, os red devils pretendem refor\u00e7ar esta zona do terreno e olham para o internacional portugu\u00eas. <\/p>\n<p>Apesar de jogar na Ar\u00e1bia Saudita, o Manchester United considera avan\u00e7ar para a contrata\u00e7\u00e3o do m\u00e9dio portugu\u00eas, que o clube ingl\u00eas considera n\u00e3o ter baixado o n\u00edvel, mesmo jogando no M\u00e9dio Oriente. <\/p>\n<p>Recorde-se que R\u00faben Neves j\u00e1 abriu a porta a um regresso \u00e0 Europa\u2026<a href=\"https:\/\/bolanarede.pt\/especial-bola-na-rede\/atualidade\/ruben-neves-quer-voltar-ao-fc-porto-e-ser-campeao-e-um-objetivo-de-carreira\/\" target=\"_blank\" rel=\"noreferrer noopener nofollow\"> pelas m\u00e3os do FC Porto<\/a>. O m\u00e9dio tem 28 anos e esta temporada realizou tr\u00eas jogos pelo Al Hilal nos quais marcou um golo. <\/p>\n","protected":false},"excerpt":{"rendered":"O Manchester United quer fechar refor\u00e7os para o meio-campo. R\u00faben Neves est\u00e1 na lista do emblema orientado por&hellip;\n","protected":false},"author":2,"featured_media":53924,"comment_status":"","ping_status":"","sticky":false,"template":"","format":"standard","meta":{"footnotes":""},"categories":[87],"tags":[5406,260,135,1965,663,32,666,33,4650,134],"class_list":{"0":"post-78127","1":"post","2":"type-post","3":"status-publish","4":"format-standard","5":"has-post-thumbnail","7":"category-desporto","8":"tag-al-hilal","9":"tag-atualidade","10":"tag-desporto","11":"tag-liga-saudita","12":"tag-manchester-united","13":"tag-portugal","14":"tag-premier-league","15":"tag-pt","16":"tag-ruben-neves","17":"tag-sports"},"share_on_mastodon":{"url":"","error":""},"_links":{"self":[{"href":"https:\/\/www.europesays.com\/pt\/wp-json\/wp\/v2\/posts\/78127","targetHints":{"allow":["GET"]}}],"collection":[{"href":"https:\/\/www.europesays.com\/pt\/wp-json\/wp\/v2\/posts"}],"about":[{"href":"https:\/\/www.europesays.com\/pt\/wp-json\/wp\/v2\/types\/post"}],"author":[{"embeddable":true,"href":"https:\/\/www.europesays.com\/pt\/wp-json\/wp\/v2\/users\/2"}],"replies":[{"embeddable":true,"href":"https:\/\/www.europesays.com\/pt\/wp-json\/wp\/v2\/comments?post=78127"}],"version-history":[{"count":0,"href":"https:\/\/www.europesays.com\/pt\/wp-json\/wp\/v2\/posts\/78127\/revisions"}],"wp:featuredmedia":[{"embeddable":true,"href":"https:\/\/www.europesays.com\/pt\/wp-json\/wp\/v2\/media\/53924"}],"wp:attachment":[{"href":"https:\/\/www.europesays.com\/pt\/wp-json\/wp\/v2\/media?parent=78127"}],"wp:term":[{"taxonomy":"category","embeddable":true,"href":"https:\/\/www.europesays.com\/pt\/wp-json\/wp\/v2\/categories?post=78127"},{"taxonomy":"post_tag","embeddable":true,"href":"https:\/\/www.europesays.com\/pt\/wp-json\/wp\/v2\/tags?post=78127"}],"curies":[{"name":"wp","href":"https:\/\/api.w.org\/{rel}","templated":true}]}}