{"id":78163,"date":"2025-09-19T15:51:10","date_gmt":"2025-09-19T15:51:10","guid":{"rendered":"https:\/\/www.europesays.com\/pt\/78163\/"},"modified":"2025-09-19T15:51:10","modified_gmt":"2025-09-19T15:51:10","slug":"william-gomes-regressa-ao-palco-fc-porto","status":"publish","type":"post","link":"https:\/\/www.europesays.com\/pt\/78163\/","title":{"rendered":"William Gomes regressa ao palco &#8211; FC Porto"},"content":{"rendered":"<p>                    06:34<\/p>\n<p>Extremo est\u00e1 convocado para os Arcos e pode voltar \u00e0 a\u00e7\u00e3o ap\u00f3s o gola\u00e7o marcado em Alvalade<\/p>\n<p class=\"\">&#13;<br \/>\n        William Gomes est\u00e1 recuperado de les\u00e3o e entra na convocat\u00f3ria de Francesco Farioli para a partida de Vila do Conde, apurou Record. O extremo brasileiro, de 19 anos, tinha falhado a rece\u00e7\u00e3o ao Nacional devido a les\u00e3o contra\u00edda no particular com o Lourosa, na paragem do campeonato, mas agora tem a oportunidade de voltar \u00e0 a\u00e7\u00e3o.&#13;\n    <\/p>\n<p>                        Para ler TODOS OS ARTIGOS RECORD PREMIUM durante o dia 19.09.2025 insira o seu n\u00famero de telem\u00f3vel e clique em OK<\/p>\n<p>Consulte a aplica\u00e7\u00e3o MBway no seu telem\u00f3vel e aceite a transa\u00e7\u00e3o&#13;\n                    <\/p>\n<p>                        Os seus dados n\u00e3o ser\u00e3o guardados pelo Record<\/p>\n<p>                    Por Andr\u00e9 Gon\u00e7alves e  Andr\u00e9 Monteiro<\/p>\n","protected":false},"excerpt":{"rendered":"06:34 Extremo est\u00e1 convocado para os Arcos e pode voltar \u00e0 a\u00e7\u00e3o ap\u00f3s o gola\u00e7o marcado em Alvalade&hellip;\n","protected":false},"author":2,"featured_media":78164,"comment_status":"","ping_status":"","sticky":false,"template":"","format":"standard","meta":{"footnotes":""},"categories":[8],"tags":[27,28,15,16,14,25,26,21,22,12,13,19,20,32,23,24,33,17,18,29,30,31],"class_list":{"0":"post-78163","1":"post","2":"type-post","3":"status-publish","4":"format-standard","5":"has-post-thumbnail","7":"category-principais-noticias","8":"tag-breaking-news","9":"tag-breakingnews","10":"tag-featured-news","11":"tag-featurednews","12":"tag-headlines","13":"tag-latest-news","14":"tag-latestnews","15":"tag-main-news","16":"tag-mainnews","17":"tag-news","18":"tag-noticias","19":"tag-noticias-principais","20":"tag-noticiasprincipais","21":"tag-portugal","22":"tag-principais-noticias","23":"tag-principaisnoticias","24":"tag-pt","25":"tag-top-stories","26":"tag-topstories","27":"tag-ultimas","28":"tag-ultimas-noticias","29":"tag-ultimasnoticias"},"share_on_mastodon":{"url":"","error":""},"_links":{"self":[{"href":"https:\/\/www.europesays.com\/pt\/wp-json\/wp\/v2\/posts\/78163","targetHints":{"allow":["GET"]}}],"collection":[{"href":"https:\/\/www.europesays.com\/pt\/wp-json\/wp\/v2\/posts"}],"about":[{"href":"https:\/\/www.europesays.com\/pt\/wp-json\/wp\/v2\/types\/post"}],"author":[{"embeddable":true,"href":"https:\/\/www.europesays.com\/pt\/wp-json\/wp\/v2\/users\/2"}],"replies":[{"embeddable":true,"href":"https:\/\/www.europesays.com\/pt\/wp-json\/wp\/v2\/comments?post=78163"}],"version-history":[{"count":0,"href":"https:\/\/www.europesays.com\/pt\/wp-json\/wp\/v2\/posts\/78163\/revisions"}],"wp:featuredmedia":[{"embeddable":true,"href":"https:\/\/www.europesays.com\/pt\/wp-json\/wp\/v2\/media\/78164"}],"wp:attachment":[{"href":"https:\/\/www.europesays.com\/pt\/wp-json\/wp\/v2\/media?parent=78163"}],"wp:term":[{"taxonomy":"category","embeddable":true,"href":"https:\/\/www.europesays.com\/pt\/wp-json\/wp\/v2\/categories?post=78163"},{"taxonomy":"post_tag","embeddable":true,"href":"https:\/\/www.europesays.com\/pt\/wp-json\/wp\/v2\/tags?post=78163"}],"curies":[{"name":"wp","href":"https:\/\/api.w.org\/{rel}","templated":true}]}}