{"id":78269,"date":"2025-09-19T17:12:34","date_gmt":"2025-09-19T17:12:34","guid":{"rendered":"https:\/\/www.europesays.com\/pt\/78269\/"},"modified":"2025-09-19T17:12:34","modified_gmt":"2025-09-19T17:12:34","slug":"kina-da-cartao-vermelho-a-concorrente-do-secret-story-9-preferencia-eliminada","status":"publish","type":"post","link":"https:\/\/www.europesays.com\/pt\/78269\/","title":{"rendered":"Kina d\u00e1 &#8216;cart\u00e3o vermelho&#8217; a concorrente do Secret Story 9: &#8220;Prefer\u00eancia eliminada&#8221;"},"content":{"rendered":"<p>\t\t\t\t\t\t\t\t\t\t\t\t<a href=\"#\" onclick=\"window.open('http:\/\/www.facebook.com\/sharer.php?u=https:\/\/cusquices.com\/kina-da-cartao-vermelho-a-concorrente-do-secret-story-9-preferencia-eliminada\/&amp;t=Kina d\u00e1 \u2018cart\u00e3o vermelho\u2019 a concorrente do Secret Story 9: \u201cPrefer\u00eancia eliminada\u201d', 'facebookShare', 'width=626,height=436'); return false;\" title=\"Share on Facebook\"><\/p>\n<p>Share<\/p>\n<p><\/a><br \/>\n\t\t\t\t\t\t\t\t\t\t\t\t<a href=\"#\" onclick=\"window.open('http:\/\/twitter.com\/share?text=Kina d\u00e1 \u2018cart\u00e3o vermelho\u2019 a concorrente do Secret Story 9: \u201cPrefer\u00eancia eliminada\u201d -&amp;url=https:\/\/cusquices.com\/kina-da-cartao-vermelho-a-concorrente-do-secret-story-9-preferencia-eliminada\/', 'twitterShare', 'width=626,height=436'); return false;\" title=\"Tweet This Post\"><\/p>\n<p>Tweet<\/p>\n<p><\/a><br \/>\n\t\t\t\t\t\t\t\t\t\t\t\t<a href=\"whatsapp:\/\/send?text=Kina d\u00e1 \u2018cart\u00e3o vermelho\u2019 a concorrente do Secret Story 9: \u201cPrefer\u00eancia eliminada\u201d https:\/\/cusquices.com\/kina-da-cartao-vermelho-a-concorrente-do-secret-story-9-preferencia-eliminada\/\" rel=\"nofollow\"><\/p>\n<p>Share<\/p>\n<p><\/a><br \/>\n\t\t\t\t\t\t\t\t\t\t\t\t<a href=\"#\" onclick=\"window.open('http:\/\/pinterest.com\/pin\/create\/button\/?url=https:\/\/cusquices.com\/kina-da-cartao-vermelho-a-concorrente-do-secret-story-9-preferencia-eliminada\/&amp;media=https:\/\/cusquices.com\/wp-content\/uploads\/2025\/09\/kina-sstvi-1000x600.jpg&amp;description=Kina d\u00e1 \u2018cart\u00e3o vermelho\u2019 a concorrente do Secret Story 9: \u201cPrefer\u00eancia eliminada\u201d', 'pinterestShare', 'width=750,height=350'); return false;\" title=\"Pin This Post\"><\/p>\n<p>Share<\/p>\n<p><\/a><br \/>\n\t\t\t\t\t\t\t\t\t\t\t\t<a href=\"mailto:?subject=Kina d\u00e1 \u2018cart\u00e3o vermelho\u2019 a concorrente do Secret Story 9: \u201cPrefer\u00eancia eliminada\u201d&amp;BODY=I found this article interesting and thought of sharing it with you. Check it out: https:\/\/cusquices.com\/kina-da-cartao-vermelho-a-concorrente-do-secret-story-9-preferencia-eliminada\/\"><\/p>\n<p>Email<\/p>\n<p><\/a><br \/>\n\t\t\t\t\t\t\t\t\t\t\t\t\t\t\t\t\t\t\t\t\t\t\t\t\t\t\t\t\t\t\t\t\t\t\t\t\t\t\t\t\t\t\t\t\t\t\t\t\t\t\t\t\t<a href=\"https:\/\/cusquices.com\/kina-da-cartao-vermelho-a-concorrente-do-secret-story-9-preferencia-eliminada\/#respond\" rel=\"nofollow noopener\" target=\"_blank\"><\/p>\n<p>Kina reprova comportamentos de concorrente do Secret Story 9 e elimina-a da sua lista de preferidos.<\/p>\n<p>Kina tem estado muito atenta a nona edi\u00e7\u00e3o do Secret Story 9, que estreou no passado domingo, 14 de setembro. A estilista tem comentado nas suas redes sociais alguns acontecimentos da casa mais vigiada do pa\u00eds e at\u00e9 revelou aos seus seguidores <a href=\"https:\/\/cusquices.com\/kina-revela-os-seus-favoritos-do-secret-story-9-as-minhas-escolhas\/\" rel=\"nofollow noopener\" target=\"_blank\">os seus favoritos da nona edi\u00e7\u00e3o da \u2018Casa dos Segredos\u2019.<\/a><\/p>\n<p><strong>Bruna, Bruno, Liliana, Sandro, Vera, Rui e Marisa Susana<\/strong>, foram os concorrentes apontados como favoritos por Kina, mas a estilista j\u00e1 mudou de ideias e eliminou uma concorrente das suas prefer\u00eancias.<\/p>\n<p><strong>Liliana,<\/strong> levou cart\u00e3o vermelho da estilista: <strong>\u201cPrefer\u00eancia eliminada\u201d<\/strong>, disse Kina.<\/p>\n<p>De recordar que <strong>Liliana<\/strong> tem sido alvo de cr\u00edticas fora da casa mais vigiada do pa\u00eds devido \u00e0 proximidade que tem demonstrado com <strong>F\u00e1bio, <\/strong>com quem mant\u00e9m uma rela\u00e7\u00e3o marcada por grande cumplicidade. A concorrente entrou no jogo j\u00e1 noiva, depois de ter sido pedida em casamento por Z\u00e9 na gala de estreia, e os seus comportamentos dentro da casa t\u00eam gerado pol\u00e9mica e dado o que falar fora da casa mais vigiada do pa\u00eds.<\/p>\n<p><img loading=\"lazy\" decoding=\"async\" width=\"577\" height=\"1024\" src=\"https:\/\/www.europesays.com\/pt\/wp-content\/uploads\/2025\/09\/kina-liliana-577x1024.png\" alt=\"\" class=\"wp-image-98582 webpexpress-processed\"  \/><\/p>\n<p><strong>Leia tamb\u00e9m:<\/strong><\/p>\n<p>\t\t\t\t\t\t\t\t\t\t\t\t\t\t\t\t\t\t\t\t\t\t\t\t\t<img decoding=\"async\" src=\"https:\/\/www.europesays.com\/pt\/wp-content\/uploads\/2025\/09\/1758100816_45_cusquices-logo-52x.png\" class=\"webpexpress-processed\"\/><\/p>\n<p>\t\t\t\t\t\t\t\t\t\t\t\t\t\t\t\t\t\t\t\t\t            \t\t\t\t\t\t\t\t\t\t\t\t\t\t\t\t\t\t\t\t\t\t\t\t\t\t\t\t\t\t\t\t\t\t\t\t\t\t\t<script async src=\"https:\/\/platform.twitter.com\/widgets.js\" charset=\"utf-8\"><\/script><\/p>\n","protected":false},"excerpt":{"rendered":"Share Tweet Share Share Email Kina reprova comportamentos de concorrente do Secret Story 9 e elimina-a da sua&hellip;\n","protected":false},"author":2,"featured_media":78270,"comment_status":"","ping_status":"","sticky":false,"template":"","format":"standard","meta":{"footnotes":""},"categories":[85],"tags":[2632,49,114,115,672,19016,32,33],"class_list":{"0":"post-78269","1":"post","2":"type-post","3":"status-publish","4":"format-standard","5":"has-post-thumbnail","7":"category-entretenimento","8":"tag-casa-dos-segredos","9":"tag-destaques","10":"tag-entertainment","11":"tag-entretenimento","12":"tag-kina","13":"tag-liliana","14":"tag-portugal","15":"tag-pt"},"share_on_mastodon":{"url":"","error":""},"_links":{"self":[{"href":"https:\/\/www.europesays.com\/pt\/wp-json\/wp\/v2\/posts\/78269","targetHints":{"allow":["GET"]}}],"collection":[{"href":"https:\/\/www.europesays.com\/pt\/wp-json\/wp\/v2\/posts"}],"about":[{"href":"https:\/\/www.europesays.com\/pt\/wp-json\/wp\/v2\/types\/post"}],"author":[{"embeddable":true,"href":"https:\/\/www.europesays.com\/pt\/wp-json\/wp\/v2\/users\/2"}],"replies":[{"embeddable":true,"href":"https:\/\/www.europesays.com\/pt\/wp-json\/wp\/v2\/comments?post=78269"}],"version-history":[{"count":0,"href":"https:\/\/www.europesays.com\/pt\/wp-json\/wp\/v2\/posts\/78269\/revisions"}],"wp:featuredmedia":[{"embeddable":true,"href":"https:\/\/www.europesays.com\/pt\/wp-json\/wp\/v2\/media\/78270"}],"wp:attachment":[{"href":"https:\/\/www.europesays.com\/pt\/wp-json\/wp\/v2\/media?parent=78269"}],"wp:term":[{"taxonomy":"category","embeddable":true,"href":"https:\/\/www.europesays.com\/pt\/wp-json\/wp\/v2\/categories?post=78269"},{"taxonomy":"post_tag","embeddable":true,"href":"https:\/\/www.europesays.com\/pt\/wp-json\/wp\/v2\/tags?post=78269"}],"curies":[{"name":"wp","href":"https:\/\/api.w.org\/{rel}","templated":true}]}}