{"id":78317,"date":"2025-09-19T17:58:09","date_gmt":"2025-09-19T17:58:09","guid":{"rendered":"https:\/\/www.europesays.com\/pt\/78317\/"},"modified":"2025-09-19T17:58:09","modified_gmt":"2025-09-19T17:58:09","slug":"donald-trump-recusa-aprovar-ajuda-militar-a-taiwan-observador","status":"publish","type":"post","link":"https:\/\/www.europesays.com\/pt\/78317\/","title":{"rendered":"Donald Trump recusa aprovar ajuda militar a Taiwan \u2013 Observador"},"content":{"rendered":"<p>O Presidente dos Estados Unidos, Donald Trump, recusou aprovar ajuda militar de 400 milh\u00f5es de d\u00f3lares (339 milh\u00f5es de euros) a Taiwan, em paralelo com negocia\u00e7\u00f5es comerciais com a China, noticiou esta sexta-feira o <a href=\"https:\/\/www.washingtonpost.com\/national-security\/2025\/09\/18\/trump-taiwan-arms-sales-military-aid\/\" rel=\"nofollow noopener\" target=\"_blank\">Washington Post<\/a>.<\/p>\n<p>A decis\u00e3o, a ser definitiva, representar\u00e1 uma <strong>mudan\u00e7a importante na pol\u00edtica de Washington em rela\u00e7\u00e3o \u00e0 ilha<\/strong>, disse ao jornal um respons\u00e1vel da Casa Branca.<\/p>\n<p>Os EUA cortaram rela\u00e7\u00f5es diplom\u00e1ticas com Taip\u00e9 nos anos 1970, mas permanecem o principal fornecedor de armas de Taiwan, que Pequim considera uma prov\u00edncia chinesa, n\u00e3o excluindo o uso da for\u00e7a para conquistar a ilha.<\/p>\n<p><strong>Trump deve conversar esta sexta-feira com o Presidente chin\u00eas, Xi Jinping,<\/strong> naquela que ser\u00e1 a segunda chamada telef\u00f3nica desde o regresso do republicano \u00e0 Casa Branca, num momento em que ambos procuram compromissos sobre as tarifas comerciais e o futuro da aplica\u00e7\u00e3o TikTok.<\/p>\n<p>Sob a presid\u00eancia de Joe Biden (2021-2025), os EUA aprovaram mais de dois mil milh\u00f5es de d\u00f3lares (1,7 mil milh\u00f5es de euros) em ajuda militar para Taiwan.<\/p>\n<p>Segundo o Washington Post, Trump n\u00e3o apoia o envio de armas sem contrapartidas financeiras, uma posi\u00e7\u00e3o que j\u00e1 tinha manifestado em rela\u00e7\u00e3o \u00e0 Ucr\u00e2nia.<\/p>\n<p>Respons\u00e1veis da Defesa dos EUA e de Taiwan reuniram-se em agosto no Alasca, discutindo um poss\u00edvel acordo de venda de armas avaliado em v\u00e1rios milhares de milh\u00f5es de euros, incluindo ve\u00edculos a\u00e9reos n\u00e3o tripulados (drones), m\u00edsseis e sensores para vigil\u00e2ncia costeira.<\/p>\n<p>Desde o regresso de Trump \u00e0 Casa Branca, em janeiro, Taip\u00e9 tem manifestado preocupa\u00e7\u00e3o quanto ao compromisso de Washington em defender a ilha em caso de ataque da China.<\/p>\n<p>Face \u00e0 press\u00e3o militar crescente de Pequim, Taiwan aumentou as despesas de defesa e prev\u00ea pedir um or\u00e7amento suplementar recorde de at\u00e9 28 mil milh\u00f5es de euros.<\/p>\n","protected":false},"excerpt":{"rendered":"O Presidente dos Estados Unidos, Donald Trump, recusou aprovar ajuda militar de 400 milh\u00f5es de d\u00f3lares (339 milh\u00f5es&hellip;\n","protected":false},"author":2,"featured_media":78318,"comment_status":"","ping_status":"","sticky":false,"template":"","format":"standard","meta":{"footnotes":""},"categories":[50],"tags":[624,27,28,2537,92,623,15,16,14,25,26,21,22,62,12,13,19,20,23,24,58,2365,17,18,3546,29,30,31,63,64,65],"class_list":{"0":"post-78317","1":"post","2":"type-post","3":"status-publish","4":"format-standard","5":"has-post-thumbnail","7":"category-mundo","8":"tag-amu00e9rica","9":"tag-breaking-news","10":"tag-breakingnews","11":"tag-defesa","12":"tag-donald-trump","13":"tag-estados-unidos-da-amu00e9rica","14":"tag-featured-news","15":"tag-featurednews","16":"tag-headlines","17":"tag-latest-news","18":"tag-latestnews","19":"tag-main-news","20":"tag-mainnews","21":"tag-mundo","22":"tag-news","23":"tag-noticias","24":"tag-noticias-principais","25":"tag-noticiasprincipais","26":"tag-principais-noticias","27":"tag-principaisnoticias","28":"tag-sociedade","29":"tag-taiwan","30":"tag-top-stories","31":"tag-topstories","32":"tag-u00c1sia","33":"tag-ultimas","34":"tag-ultimas-noticias","35":"tag-ultimasnoticias","36":"tag-world","37":"tag-world-news","38":"tag-worldnews"},"share_on_mastodon":{"url":"","error":""},"_links":{"self":[{"href":"https:\/\/www.europesays.com\/pt\/wp-json\/wp\/v2\/posts\/78317","targetHints":{"allow":["GET"]}}],"collection":[{"href":"https:\/\/www.europesays.com\/pt\/wp-json\/wp\/v2\/posts"}],"about":[{"href":"https:\/\/www.europesays.com\/pt\/wp-json\/wp\/v2\/types\/post"}],"author":[{"embeddable":true,"href":"https:\/\/www.europesays.com\/pt\/wp-json\/wp\/v2\/users\/2"}],"replies":[{"embeddable":true,"href":"https:\/\/www.europesays.com\/pt\/wp-json\/wp\/v2\/comments?post=78317"}],"version-history":[{"count":0,"href":"https:\/\/www.europesays.com\/pt\/wp-json\/wp\/v2\/posts\/78317\/revisions"}],"wp:featuredmedia":[{"embeddable":true,"href":"https:\/\/www.europesays.com\/pt\/wp-json\/wp\/v2\/media\/78318"}],"wp:attachment":[{"href":"https:\/\/www.europesays.com\/pt\/wp-json\/wp\/v2\/media?parent=78317"}],"wp:term":[{"taxonomy":"category","embeddable":true,"href":"https:\/\/www.europesays.com\/pt\/wp-json\/wp\/v2\/categories?post=78317"},{"taxonomy":"post_tag","embeddable":true,"href":"https:\/\/www.europesays.com\/pt\/wp-json\/wp\/v2\/tags?post=78317"}],"curies":[{"name":"wp","href":"https:\/\/api.w.org\/{rel}","templated":true}]}}