{"id":78405,"date":"2025-09-19T18:59:12","date_gmt":"2025-09-19T18:59:12","guid":{"rendered":"https:\/\/www.europesays.com\/pt\/78405\/"},"modified":"2025-09-19T18:59:12","modified_gmt":"2025-09-19T18:59:12","slug":"homicida-da-pequena-maelys-araujo-condenado-por-agredir-namorada-durante-visita-na-cadeia","status":"publish","type":"post","link":"https:\/\/www.europesays.com\/pt\/78405\/","title":{"rendered":"Homicida da pequena Ma\u00eblys Ara\u00fajo condenado por agredir namorada durante visita na cadeia"},"content":{"rendered":"<p>O homem, hoje com 42 anos, era acusado de, no passado dia 9 de junho, ter tentado asfixiar a namorada, \u00e0 frente do filho. O epis\u00f3dio de viol\u00eancia foi captado pelo sistema de videovigil\u00e2ncia do estabelecimento prisional e serviu de prova para condenar o homicida da pequena Ma\u00eblys.<\/p>\n<p data-remotead-prev-elm=\"true\" data-remotead-elm-id=\"inread\">&#8220;Penso que era importante que a crian\u00e7a, que estava ao colo dele no momento da agress\u00e3o contra a v\u00edtima, seja mantida em seguran\u00e7a&#8221;, disse Jean Richert, procurador do Tribunal de Colmar, ap\u00f3s a audi\u00eancia de julgamento, que decorreu \u00e0 porta fechada.<\/p>\n<p>Nordahl Lelandais foi colocado na cadeia do leste franc\u00eas desde 2022. Est\u00e1 a cumprir uma pena de pris\u00e3o perp\u00e9tua pelo rapto e homic\u00eddio da pequena Ma\u00eblys, em 2017. Foi ainda condenado a 20 anos de pris\u00e3o pelo homic\u00eddio de um militar, a quem deu boleia em 2017 e um ano de pris\u00e3o por abuso sexual contra uma prima em segundo grau.<\/p>\n<p data-remotead-prev-elm=\"true\" data-remotead-elm-id=\"centro1\"><img decoding=\"async\" class=\"ngx-body\" guid=\"f268a58a-eb47-4f87-aec9-8c1cf74897aa\" src=\"https:\/\/www.europesays.com\/pt\/wp-content\/uploads\/2025\/09\/1758308352_918_image.jpg\" width=\"100%\"\/><\/p>\n<p>Ma\u00eblys tinha oito anos<\/p>\n<p data-remotead-prev-elm=\"true\" data-remotead-elm-id=\"centro2\">A morte de Ma\u00eblys de Araujo chocou Fran\u00e7a e Portugal, j\u00e1 que a menina desapareceu de uma festa de casamento, na cidade de Pont-de-Beauvoisin, onde estariam cerca de 200 convidados. Passados alguns dias, Nordahl Lelandais foi acusado de sequestro, mas s\u00f3 em 2018 \u00e9 que o arguido confessou o crime, conduzindo as autoridades ao local onde tinha abandonado o corpo da menina. Lelandais garantiu que apenas tinha esbofeteado a pequena Ma\u00eblys de Araujo causando, sem querer, a sua morte. Por\u00e9m, a aut\u00f3psia revelou v\u00e1rios golpes fatais na cabe\u00e7a da crian\u00e7a.<\/p>\n","protected":false},"excerpt":{"rendered":"O homem, hoje com 42 anos, era acusado de, no passado dia 9 de junho, ter tentado asfixiar&hellip;\n","protected":false},"author":2,"featured_media":78406,"comment_status":"","ping_status":"","sticky":false,"template":"","format":"standard","meta":{"footnotes":""},"categories":[50],"tags":[27,28,15,16,208,14,5564,603,25,26,21,22,62,12,13,19,20,23,24,17,18,29,30,31,63,64,65],"class_list":{"0":"post-78405","1":"post","2":"type-post","3":"status-publish","4":"format-standard","5":"has-post-thumbnail","7":"category-mundo","8":"tag-breaking-news","9":"tag-breakingnews","10":"tag-featured-news","11":"tag-featurednews","12":"tag-franca","13":"tag-headlines","14":"tag-homicidio","15":"tag-justica","16":"tag-latest-news","17":"tag-latestnews","18":"tag-main-news","19":"tag-mainnews","20":"tag-mundo","21":"tag-news","22":"tag-noticias","23":"tag-noticias-principais","24":"tag-noticiasprincipais","25":"tag-principais-noticias","26":"tag-principaisnoticias","27":"tag-top-stories","28":"tag-topstories","29":"tag-ultimas","30":"tag-ultimas-noticias","31":"tag-ultimasnoticias","32":"tag-world","33":"tag-world-news","34":"tag-worldnews"},"share_on_mastodon":{"url":"","error":""},"_links":{"self":[{"href":"https:\/\/www.europesays.com\/pt\/wp-json\/wp\/v2\/posts\/78405","targetHints":{"allow":["GET"]}}],"collection":[{"href":"https:\/\/www.europesays.com\/pt\/wp-json\/wp\/v2\/posts"}],"about":[{"href":"https:\/\/www.europesays.com\/pt\/wp-json\/wp\/v2\/types\/post"}],"author":[{"embeddable":true,"href":"https:\/\/www.europesays.com\/pt\/wp-json\/wp\/v2\/users\/2"}],"replies":[{"embeddable":true,"href":"https:\/\/www.europesays.com\/pt\/wp-json\/wp\/v2\/comments?post=78405"}],"version-history":[{"count":0,"href":"https:\/\/www.europesays.com\/pt\/wp-json\/wp\/v2\/posts\/78405\/revisions"}],"wp:featuredmedia":[{"embeddable":true,"href":"https:\/\/www.europesays.com\/pt\/wp-json\/wp\/v2\/media\/78406"}],"wp:attachment":[{"href":"https:\/\/www.europesays.com\/pt\/wp-json\/wp\/v2\/media?parent=78405"}],"wp:term":[{"taxonomy":"category","embeddable":true,"href":"https:\/\/www.europesays.com\/pt\/wp-json\/wp\/v2\/categories?post=78405"},{"taxonomy":"post_tag","embeddable":true,"href":"https:\/\/www.europesays.com\/pt\/wp-json\/wp\/v2\/tags?post=78405"}],"curies":[{"name":"wp","href":"https:\/\/api.w.org\/{rel}","templated":true}]}}