{"id":78421,"date":"2025-09-19T19:08:09","date_gmt":"2025-09-19T19:08:09","guid":{"rendered":"https:\/\/www.europesays.com\/pt\/78421\/"},"modified":"2025-09-19T19:08:09","modified_gmt":"2025-09-19T19:08:09","slug":"rio-ave-fc-porto-abre-jornada-do-regresso-de-mourinho-a-portugal","status":"publish","type":"post","link":"https:\/\/www.europesays.com\/pt\/78421\/","title":{"rendered":"Rio Ave &#8211; FC Porto abre jornada do regresso de Mourinho a Portugal"},"content":{"rendered":"<p>                    O jogo em Vila do Conde coloca frente a frente a \u00fanica equipa 100% vitoriosa \u2013 e j\u00e1 com um triunfo em casa do bicampe\u00e3o Sporting, por 2-1 \u2013 e outra ainda sem qualquer \u00eaxito no campeonato, que ocupa o 15.\u00ba lugar, primeiro acima da zona vermelha da classifica\u00e7\u00e3o.<\/p>\n<p>A equipa treinada pelo italiano Francesco Farioli, que estar\u00e1 privado dos lesionados Nehu\u00e9n P\u00e9rez, Alberto Costa e Luuk de Jong, e que tem William Gomes e Martim Fernandes em d\u00favida, disp\u00f5e de tr\u00eas pontos de vantagem sobre Sporting e Moreirense, segundo e terceiro colocados, respetivamente.<\/p>\n<p>Os \u2018le\u00f5es\u2019 recebem a equipa de Moreira de C\u00f3negos na segunda-feira, no encontro de encerramento da ronda, o que poder\u00e1 ser aproveitado, entre outros, pelo Benfica, quarto posicionado, a dois pontos do rival lisboeta, mas com menos uma partida disputada.<\/p>\n<p>As \u2018\u00e1guias\u2019 deslocam-se no s\u00e1bado ao est\u00e1dio do AVS, 17.\u00ba e pen\u00faltimo classificado, j\u00e1 sob o comando de Jos\u00e9 Mourinho, que foi apresentado na quinta-feira como novo treinador benfiquista, em substitui\u00e7\u00e3o de Bruno Lage, despedido ap\u00f3s a derrota na rece\u00e7\u00e3o ao Qarabag, por 3-2, na estreia na Liga dos Campe\u00f5es.<\/p>\n<p><b>Programa da 6.\u00aa jornada<\/b><\/p>\n<p>Sexta-feira<br \/>&#13;<br \/>\nRio Ave &#8211; FC Porto, 20:15<\/p>\n<p>S\u00e1bado<br \/>&#13;<br \/>\nSanta Clara &#8211; Alverca, 14:30 locais (15:30 em Lisboa)<br \/>&#13;<br \/>\nNacional &#8211; Arouca, 15:30<br \/>&#13;<br \/>\nAVS &#8211; Benfica, 18:00<br \/>&#13;<br \/>\nVit\u00f3ria de Guimar\u00e3es &#8211; Sporting de Braga, 20:30<\/p>\n<p>Domingo<br \/>&#13;<br \/>\nTondela &#8211; Estrela da Amadora, 15:30<br \/>&#13;<br \/>\nGil Vicente &#8211; Estoril Praia, 18:00<br \/>&#13;<br \/>\nCasa Pia &#8211; Famalic\u00e3o, 20:30<\/p>\n<p>Segunda-feira<br \/>&#13;<br \/>\nSporting &#8211; Moreirense, 20:15<br \/>&#13;<\/p>\n","protected":false},"excerpt":{"rendered":"O jogo em Vila do Conde coloca frente a frente a \u00fanica equipa 100% vitoriosa \u2013 e j\u00e1&hellip;\n","protected":false},"author":2,"featured_media":78422,"comment_status":"","ping_status":"","sticky":false,"template":"","format":"standard","meta":{"footnotes":""},"categories":[87],"tags":[135,13,32,33,420,421,134],"class_list":{"0":"post-78421","1":"post","2":"type-post","3":"status-publish","4":"format-standard","5":"has-post-thumbnail","7":"category-desporto","8":"tag-desporto","9":"tag-noticias","10":"tag-portugal","11":"tag-pt","12":"tag-rtp","13":"tag-rtp-noticias","14":"tag-sports"},"share_on_mastodon":{"url":"","error":""},"_links":{"self":[{"href":"https:\/\/www.europesays.com\/pt\/wp-json\/wp\/v2\/posts\/78421","targetHints":{"allow":["GET"]}}],"collection":[{"href":"https:\/\/www.europesays.com\/pt\/wp-json\/wp\/v2\/posts"}],"about":[{"href":"https:\/\/www.europesays.com\/pt\/wp-json\/wp\/v2\/types\/post"}],"author":[{"embeddable":true,"href":"https:\/\/www.europesays.com\/pt\/wp-json\/wp\/v2\/users\/2"}],"replies":[{"embeddable":true,"href":"https:\/\/www.europesays.com\/pt\/wp-json\/wp\/v2\/comments?post=78421"}],"version-history":[{"count":0,"href":"https:\/\/www.europesays.com\/pt\/wp-json\/wp\/v2\/posts\/78421\/revisions"}],"wp:featuredmedia":[{"embeddable":true,"href":"https:\/\/www.europesays.com\/pt\/wp-json\/wp\/v2\/media\/78422"}],"wp:attachment":[{"href":"https:\/\/www.europesays.com\/pt\/wp-json\/wp\/v2\/media?parent=78421"}],"wp:term":[{"taxonomy":"category","embeddable":true,"href":"https:\/\/www.europesays.com\/pt\/wp-json\/wp\/v2\/categories?post=78421"},{"taxonomy":"post_tag","embeddable":true,"href":"https:\/\/www.europesays.com\/pt\/wp-json\/wp\/v2\/tags?post=78421"}],"curies":[{"name":"wp","href":"https:\/\/api.w.org\/{rel}","templated":true}]}}