{"id":78479,"date":"2025-09-19T19:54:04","date_gmt":"2025-09-19T19:54:04","guid":{"rendered":"https:\/\/www.europesays.com\/pt\/78479\/"},"modified":"2025-09-19T19:54:04","modified_gmt":"2025-09-19T19:54:04","slug":"teresa-silva-ataca-fabio-fechou-se-na-conchinha-porque-viu-as-reacoes-secret-story","status":"publish","type":"post","link":"https:\/\/www.europesays.com\/pt\/78479\/","title":{"rendered":"Teresa Silva ataca F\u00e1bio: \u00abFechou-se na conchinha porque viu as rea\u00e7\u00f5es\u00bb &#8211; Secret Story"},"content":{"rendered":"<p>No Di\u00e1rio do Secret Story 9, as l\u00e1grimas de Pedro depois de ser ofendido foram comentadas por J\u00e9ssica Vieira, Adriano Silva Martins e Teresa Silva. Os comentadores n\u00e3o pouparam nas cr\u00edticas a F\u00e1bio, que foi o autor da frase. Veja tudo.\u00a0<\/p>\n<p>Na primeira semana do Secret Story &#8211; Casa dos Segredos 9, h\u00e1 quatro concorrentes em risco de abandonar a casa.\u00a0<\/p>\n<p>Vote para SALVAR o seu favorito:<br \/>\u00a0<br \/>BRUNA \u2013 761 20 20 03<br \/>BRUNO MIGUEL \u2013 761 20 20 05<br \/>DYLAN \u2013 761 20 20 07<br \/>PEDRO \u2013 761 20 20 18<\/p>\n<p><a href=\"https:\/\/tvi.iol.pt\/secretstory\/aominuto\" rel=\"nofollow noopener\" target=\"_blank\">Acompanhe tudo o que se passa na casa do Secret Story ao minuto!<\/a><\/p>\n<p>\u00a0<\/p>\n","protected":false},"excerpt":{"rendered":"No Di\u00e1rio do Secret Story 9, as l\u00e1grimas de Pedro depois de ser ofendido foram comentadas por J\u00e9ssica&hellip;\n","protected":false},"author":2,"featured_media":78480,"comment_status":"","ping_status":"","sticky":false,"template":"","format":"standard","meta":{"footnotes":""},"categories":[142],"tags":[19230,19231,114,115,19229,32,33,18748,151],"class_list":{"0":"post-78479","1":"post","2":"type-post","3":"status-publish","4":"format-standard","5":"has-post-thumbnail","7":"category-tv","8":"tag-analises-tvi","9":"tag-debates-casa-dos-segredos","10":"tag-entertainment","11":"tag-entretenimento","12":"tag-opiniao-comentadores","13":"tag-portugal","14":"tag-pt","15":"tag-teresa-silva","16":"tag-tv"},"share_on_mastodon":{"url":"","error":""},"_links":{"self":[{"href":"https:\/\/www.europesays.com\/pt\/wp-json\/wp\/v2\/posts\/78479","targetHints":{"allow":["GET"]}}],"collection":[{"href":"https:\/\/www.europesays.com\/pt\/wp-json\/wp\/v2\/posts"}],"about":[{"href":"https:\/\/www.europesays.com\/pt\/wp-json\/wp\/v2\/types\/post"}],"author":[{"embeddable":true,"href":"https:\/\/www.europesays.com\/pt\/wp-json\/wp\/v2\/users\/2"}],"replies":[{"embeddable":true,"href":"https:\/\/www.europesays.com\/pt\/wp-json\/wp\/v2\/comments?post=78479"}],"version-history":[{"count":0,"href":"https:\/\/www.europesays.com\/pt\/wp-json\/wp\/v2\/posts\/78479\/revisions"}],"wp:featuredmedia":[{"embeddable":true,"href":"https:\/\/www.europesays.com\/pt\/wp-json\/wp\/v2\/media\/78480"}],"wp:attachment":[{"href":"https:\/\/www.europesays.com\/pt\/wp-json\/wp\/v2\/media?parent=78479"}],"wp:term":[{"taxonomy":"category","embeddable":true,"href":"https:\/\/www.europesays.com\/pt\/wp-json\/wp\/v2\/categories?post=78479"},{"taxonomy":"post_tag","embeddable":true,"href":"https:\/\/www.europesays.com\/pt\/wp-json\/wp\/v2\/tags?post=78479"}],"curies":[{"name":"wp","href":"https:\/\/api.w.org\/{rel}","templated":true}]}}