{"id":78514,"date":"2025-09-19T20:22:13","date_gmt":"2025-09-19T20:22:13","guid":{"rendered":"https:\/\/www.europesays.com\/pt\/78514\/"},"modified":"2025-09-19T20:22:13","modified_gmt":"2025-09-19T20:22:13","slug":"casaste-comigo-agora-sou-eu-que-controlo-vera-faz-aviso-a-dylan-secret-story","status":"publish","type":"post","link":"https:\/\/www.europesays.com\/pt\/78514\/","title":{"rendered":"\u00abCasaste comigo, agora sou eu que controlo\u00bb: Vera faz aviso a Dylan &#8211; Secret Story"},"content":{"rendered":"<p>No Secret Story 9, Dylan e Vera trocaram alian\u00e7as. Os dois concorrentes est\u00e3o cada vez mais pr\u00f3ximos e at\u00e9 j\u00e1 brincam com o casamento a fingir. Veja tudo.<\/p>\n<p>Na primeira semana do Secret Story &#8211; Casa dos Segredos 9, h\u00e1 quatro concorrentes em risco de abandonar a casa.\u00a0<\/p>\n<p>Vote para SALVAR o seu favorito:<br \/>\u00a0<br \/>BRUNA \u2013 761 20 20 03<br \/>BRUNO MIGUEL \u2013 761 20 20 05<br \/>DYLAN \u2013 761 20 20 07<br \/>PEDRO \u2013 761 20 20 18<\/p>\n<p><a href=\"https:\/\/tvi.iol.pt\/secretstory\/aominuto\" rel=\"nofollow noopener\" target=\"_blank\">Acompanhe tudo o que se passa na casa do Secret Story ao minuto!<\/a><\/p>\n","protected":false},"excerpt":{"rendered":"No Secret Story 9, Dylan e Vera trocaram alian\u00e7as. Os dois concorrentes est\u00e3o cada vez mais pr\u00f3ximos e&hellip;\n","protected":false},"author":2,"featured_media":78515,"comment_status":"","ping_status":"","sticky":false,"template":"","format":"standard","meta":{"footnotes":""},"categories":[142],"tags":[19105,114,115,19033,19034,32,33,151,11841,19032],"class_list":{"0":"post-78514","1":"post","2":"type-post","3":"status-publish","4":"format-standard","5":"has-post-thumbnail","7":"category-tv","8":"tag-dylan","9":"tag-entertainment","10":"tag-entretenimento","11":"tag-galas-em-video","12":"tag-melhores-momentos-casa-dos-segredos","13":"tag-portugal","14":"tag-pt","15":"tag-tv","16":"tag-vera","17":"tag-videos-secret-story-tvi"},"share_on_mastodon":{"url":"","error":""},"_links":{"self":[{"href":"https:\/\/www.europesays.com\/pt\/wp-json\/wp\/v2\/posts\/78514","targetHints":{"allow":["GET"]}}],"collection":[{"href":"https:\/\/www.europesays.com\/pt\/wp-json\/wp\/v2\/posts"}],"about":[{"href":"https:\/\/www.europesays.com\/pt\/wp-json\/wp\/v2\/types\/post"}],"author":[{"embeddable":true,"href":"https:\/\/www.europesays.com\/pt\/wp-json\/wp\/v2\/users\/2"}],"replies":[{"embeddable":true,"href":"https:\/\/www.europesays.com\/pt\/wp-json\/wp\/v2\/comments?post=78514"}],"version-history":[{"count":0,"href":"https:\/\/www.europesays.com\/pt\/wp-json\/wp\/v2\/posts\/78514\/revisions"}],"wp:featuredmedia":[{"embeddable":true,"href":"https:\/\/www.europesays.com\/pt\/wp-json\/wp\/v2\/media\/78515"}],"wp:attachment":[{"href":"https:\/\/www.europesays.com\/pt\/wp-json\/wp\/v2\/media?parent=78514"}],"wp:term":[{"taxonomy":"category","embeddable":true,"href":"https:\/\/www.europesays.com\/pt\/wp-json\/wp\/v2\/categories?post=78514"},{"taxonomy":"post_tag","embeddable":true,"href":"https:\/\/www.europesays.com\/pt\/wp-json\/wp\/v2\/tags?post=78514"}],"curies":[{"name":"wp","href":"https:\/\/api.w.org\/{rel}","templated":true}]}}