{"id":78521,"date":"2025-09-19T20:27:13","date_gmt":"2025-09-19T20:27:13","guid":{"rendered":"https:\/\/www.europesays.com\/pt\/78521\/"},"modified":"2025-09-19T20:27:13","modified_gmt":"2025-09-19T20:27:13","slug":"morreu-brad-everett-young-ator-de-anatomia-de-grey-e-fotografo-de-celebridades","status":"publish","type":"post","link":"https:\/\/www.europesays.com\/pt\/78521\/","title":{"rendered":"Morreu Brad Everett Young, ator de &#8220;Anatomia de Grey&#8221; e fot\u00f3grafo de celebridades"},"content":{"rendered":"<p>Young conduzia sozinho na rodovia 134, na noite de domingo, quando o seu carro foi atingido por um ve\u00edculo que seguia em contram\u00e3o, disse o assessor de imprensa, Paul Christensen, ao &#8220;The Hollywood Reporter&#8221;. O ator morreu no local, enquanto o outro condutor sobreviveu e foi hospitalizado.<\/p>\n<p data-remotead-prev-elm=\"true\" data-remotead-elm-id=\"inread\">Nascido a 24 de julho de 1979, em Danville, Virg\u00ednia, Young era o filho do meio de tr\u00eas irm\u00e3os. Depois de terminar a sua educa\u00e7\u00e3o na Chatham High School e na Universidade Averett, mudou-se para Los Angeles para estudar medicina, mas acabou por mudar de rumo, seguindo a carreira de ator.<\/p>\n<p>Young teve pequenos pap\u00e9is em epis\u00f3dios de programas como &#8220;Boy Meets World&#8221;, &#8220;Felicity&#8221;, &#8220;Grey&#8217;s Anatomy&#8221; e &#8220;Numb3rs&#8221; e em filmes como &#8220;Love &amp; Basketball&#8221; (2000), &#8220;Charlie&#8217;s Angels&#8221; (2000), &#8220;Jurassic Park III&#8221; (2001), &#8220;I Love You, Man&#8221; (2009), &#8220;The Artist&#8221; (2011) e &#8220;Dr. Jekyll and Mr. Hyde&#8221; (2017).<\/p>\n<p data-remotead-prev-elm=\"true\" data-remotead-elm-id=\"centro1\">Presen\u00e7a constante nos tapetes vermelhos de Hollywood, Young tinha um portf\u00f3lio fotogr\u00e1fico que inclu\u00eda projetos e ensaios para &#8220;The Hollywood Reporter&#8221;, &#8220;Vanity Fair&#8221;, &#8220;Vogue&#8221;, &#8220;Elle&#8221;, &#8220;Harper&#8217;s Bazaar&#8221;, &#8220;People&#8221;, &#8220;Variety&#8221; e outras publica\u00e7\u00f5es.<\/p>\n<p>Al\u00e9m disso, fundou a Dream Loud Official, uma iniciativa popular dedicada a restaurar e preservar programas de m\u00fasica e arte em escolas de todo o pa\u00eds.<\/p>\n","protected":false},"excerpt":{"rendered":"Young conduzia sozinho na rodovia 134, na noite de domingo, quando o seu carro foi atingido por um&hellip;\n","protected":false},"author":2,"featured_media":78522,"comment_status":"","ping_status":"","sticky":false,"template":"","format":"standard","meta":{"footnotes":""},"categories":[85],"tags":[20287,1753,114,115,2409,32,33],"class_list":{"0":"post-78521","1":"post","2":"type-post","3":"status-publish","4":"format-standard","5":"has-post-thumbnail","7":"category-entretenimento","8":"tag-anatomia-de-grey","9":"tag-artes","10":"tag-entertainment","11":"tag-entretenimento","12":"tag-obito","13":"tag-portugal","14":"tag-pt"},"share_on_mastodon":{"url":"","error":""},"_links":{"self":[{"href":"https:\/\/www.europesays.com\/pt\/wp-json\/wp\/v2\/posts\/78521","targetHints":{"allow":["GET"]}}],"collection":[{"href":"https:\/\/www.europesays.com\/pt\/wp-json\/wp\/v2\/posts"}],"about":[{"href":"https:\/\/www.europesays.com\/pt\/wp-json\/wp\/v2\/types\/post"}],"author":[{"embeddable":true,"href":"https:\/\/www.europesays.com\/pt\/wp-json\/wp\/v2\/users\/2"}],"replies":[{"embeddable":true,"href":"https:\/\/www.europesays.com\/pt\/wp-json\/wp\/v2\/comments?post=78521"}],"version-history":[{"count":0,"href":"https:\/\/www.europesays.com\/pt\/wp-json\/wp\/v2\/posts\/78521\/revisions"}],"wp:featuredmedia":[{"embeddable":true,"href":"https:\/\/www.europesays.com\/pt\/wp-json\/wp\/v2\/media\/78522"}],"wp:attachment":[{"href":"https:\/\/www.europesays.com\/pt\/wp-json\/wp\/v2\/media?parent=78521"}],"wp:term":[{"taxonomy":"category","embeddable":true,"href":"https:\/\/www.europesays.com\/pt\/wp-json\/wp\/v2\/categories?post=78521"},{"taxonomy":"post_tag","embeddable":true,"href":"https:\/\/www.europesays.com\/pt\/wp-json\/wp\/v2\/tags?post=78521"}],"curies":[{"name":"wp","href":"https:\/\/api.w.org\/{rel}","templated":true}]}}